{"id":2406,"date":"2021-10-05T11:47:27","date_gmt":"2021-10-05T14:47:27","guid":{"rendered":"http:\/\/cultura.sma.gob.ar\/?p=2406"},"modified":"2021-10-05T11:47:27","modified_gmt":"2021-10-05T14:47:27","slug":"juan-sola-la-oscuridad-no-es-mas-que-un-instante-de-luz-dormida","status":"publish","type":"post","link":"https:\/\/cultura.sma.gob.ar\/?p=2406","title":{"rendered":"Juan Sol\u00e1 &#8211; &#8220;La oscuridad no es m\u00e1s que un instante de luz dormida\u201d"},"content":{"rendered":"\n<h4 class=\"wp-block-heading\">Lunes 11 de octubre a las 21hs &#8211; Auditorio Sala Chapitel<br>Lunes 11 de octubre a las 16hs &#8211; Biblioteca Popular 4 de Febrero<\/h4>\n\n\n\n<p>Organiza: BP 4 de Febrero &#8211; Comisi\u00f3n FRL<\/p>\n\n\n\n<p>Charla: literatura, narrativa, poes\u00eda. <br>P\u00fablico en general\u00a0<\/p>\n\n\n\n<p>Conversaci\u00f3n con el autor y repaso de su obra. Intercambio con el p\u00fablico. Cierre con m\u00fasica y lectura de algunos de sus textos.<\/p>\n\n\n\n<p><strong>Juan Sol\u00e1<\/strong> naci\u00f3 en La Paz, Entre R\u00edos, en 1989. Escribe desde 1995 y en 1999 apareci\u00f3 su primer libro, <em>Cuentos para compartir<\/em>. Entre sus obras se destacan las novelas <em>La Chaco, \u00d1eri, Naranjo en fl\u00fao <\/em>y <em>Galaxia<\/em>; los libros de cuentos <em>Microalmas <\/em>y <em>\u00c9picaurbana<\/em> y el poemario <em>Esquelas.<\/em> En 2020 public\u00f3 su \u00faltima novela: <em>Invisible.<\/em>&nbsp;<\/p>\n\n\n\n<p>Toparse con sus textos es meterse en un viaje hacia la emoci\u00f3n: los claroscuros de la infancia, el gris de la pobreza, los pulsos cotidianos de la memoria, los personajes atravesados por la amistad, el amor y la tristeza.&nbsp;<\/p>\n","protected":false},"excerpt":{"rendered":"<p>Lunes 11 de octubre a las 21hs &#8211; Auditorio Sala ChapitelLunes 11 de octubre a las 16hs &#8211; Biblioteca Popular 4 de Febrero Organiza: BP 4 de Febrero &#8211; Comisi\u00f3n FRL Charla: literatura, narrativa, poes\u00eda. P\u00fablico en general\u00a0 Conversaci\u00f3n con el autor y repaso de su obra. Intercambio con el p\u00fablico. Cierre con m\u00fasica y lectura de algunos de sus textos. Juan Sol\u00e1 naci\u00f3 en &hellip; <a href=\"https:\/\/cultura.sma.gob.ar\/?p=2406\" class=\"more-link\">Continue reading <span class=\"screen-reader-text\">Juan Sol\u00e1 &#8211; &#8220;La oscuridad no es m\u00e1s que un instante de luz dormida\u201d<\/span><\/a><\/p>\n","protected":false},"author":1,"featured_media":296,"comment_status":"closed","ping_status":"","sticky":false,"template":"","format":"image","meta":{"footnotes":""},"categories":[3,9],"tags":[67],"class_list":["post-2406","post","type-post","status-publish","format-image","has-post-thumbnail","hentry","category-eventos-cultura","category-ultimas-noticias","tag-feria-del-libro","post_format-post-format-image"],"_links":{"self":[{"href":"https:\/\/cultura.sma.gob.ar\/index.php?rest_route=\/wp\/v2\/posts\/2406","targetHints":{"allow":["GET"]}}],"collection":[{"href":"https:\/\/cultura.sma.gob.ar\/index.php?rest_route=\/wp\/v2\/posts"}],"about":[{"href":"https:\/\/cultura.sma.gob.ar\/index.php?rest_route=\/wp\/v2\/types\/post"}],"author":[{"embeddable":true,"href":"https:\/\/cultura.sma.gob.ar\/index.php?rest_route=\/wp\/v2\/users\/1"}],"replies":[{"embeddable":true,"href":"https:\/\/cultura.sma.gob.ar\/index.php?rest_route=%2Fwp%2Fv2%2Fcomments&post=2406"}],"version-history":[{"count":2,"href":"https:\/\/cultura.sma.gob.ar\/index.php?rest_route=\/wp\/v2\/posts\/2406\/revisions"}],"predecessor-version":[{"id":2481,"href":"https:\/\/cultura.sma.gob.ar\/index.php?rest_route=\/wp\/v2\/posts\/2406\/revisions\/2481"}],"wp:featuredmedia":[{"embeddable":true,"href":"https:\/\/cultura.sma.gob.ar\/index.php?rest_route=\/wp\/v2\/media\/296"}],"wp:attachment":[{"href":"https:\/\/cultura.sma.gob.ar\/index.php?rest_route=%2Fwp%2Fv2%2Fmedia&parent=2406"}],"wp:term":[{"taxonomy":"category","embeddable":true,"href":"https:\/\/cultura.sma.gob.ar\/index.php?rest_route=%2Fwp%2Fv2%2Fcategories&post=2406"},{"taxonomy":"post_tag","embeddable":true,"href":"https:\/\/cultura.sma.gob.ar\/index.php?rest_route=%2Fwp%2Fv2%2Ftags&post=2406"}],"curies":[{"name":"wp","href":"https:\/\/api.w.org\/{rel}","templated":true}]}}