{"id":2402,"date":"2021-10-05T14:39:36","date_gmt":"2021-10-05T17:39:36","guid":{"rendered":"http:\/\/cultura.sma.gob.ar\/?p=2402"},"modified":"2021-10-05T14:39:36","modified_gmt":"2021-10-05T17:39:36","slug":"gerardo-burton-heridas-que-no-cierran","status":"publish","type":"post","link":"https:\/\/cultura.sma.gob.ar\/?p=2402","title":{"rendered":"Gerardo Burton &#8211; &#8220;Heridas que no cierran&#8221;"},"content":{"rendered":"\n<h4 class=\"wp-block-heading\">Mi\u00e9rcoles 13 de octubre a las 16hs &#8211; BP Ruca Trabun<\/h4>\n\n\n\n<p>Taller sobre femicidios y presentaci\u00f3n del libro &#8220;Heridas que no cierran&#8221;<\/p>\n\n\n\n<p>Disertante: Gerardo Burton<\/p>\n\n\n\n<p>Modalidad de taller con participaci\u00f3n del p\u00fablico asistente en la elaboraci\u00f3n de textos literarios (period\u00edsticos, narrativos o po\u00e9ticos).<\/p>\n\n\n\n<p>Lectura de poemas y conversaci\u00f3n sobre el tratamiento period\u00edstico de los femicidios en la Argentina. Reflexi\u00f3n sobre algunos hechos seleccionados y los poemas escritos a partir de esos hechos. Trabajo grupal (redacci\u00f3n) sobre la selecci\u00f3n realizada.<\/p>\n","protected":false},"excerpt":{"rendered":"<p>Mi\u00e9rcoles 13 de octubre a las 16hs &#8211; BP Ruca Trabun Taller sobre femicidios y presentaci\u00f3n del libro &#8220;Heridas que no cierran&#8221; Disertante: Gerardo Burton Modalidad de taller con participaci\u00f3n del p\u00fablico asistente en la elaboraci\u00f3n de textos literarios (period\u00edsticos, narrativos o po\u00e9ticos). Lectura de poemas y conversaci\u00f3n sobre el tratamiento period\u00edstico de los femicidios en la Argentina. Reflexi\u00f3n sobre algunos hechos seleccionados y los &hellip; <a href=\"https:\/\/cultura.sma.gob.ar\/?p=2402\" class=\"more-link\">Continue reading <span class=\"screen-reader-text\">Gerardo Burton &#8211; &#8220;Heridas que no cierran&#8221;<\/span><\/a><\/p>\n","protected":false},"author":1,"featured_media":296,"comment_status":"closed","ping_status":"","sticky":false,"template":"","format":"image","meta":{"footnotes":""},"categories":[3,9],"tags":[67],"class_list":["post-2402","post","type-post","status-publish","format-image","has-post-thumbnail","hentry","category-eventos-cultura","category-ultimas-noticias","tag-feria-del-libro","post_format-post-format-image"],"_links":{"self":[{"href":"https:\/\/cultura.sma.gob.ar\/index.php?rest_route=\/wp\/v2\/posts\/2402","targetHints":{"allow":["GET"]}}],"collection":[{"href":"https:\/\/cultura.sma.gob.ar\/index.php?rest_route=\/wp\/v2\/posts"}],"about":[{"href":"https:\/\/cultura.sma.gob.ar\/index.php?rest_route=\/wp\/v2\/types\/post"}],"author":[{"embeddable":true,"href":"https:\/\/cultura.sma.gob.ar\/index.php?rest_route=\/wp\/v2\/users\/1"}],"replies":[{"embeddable":true,"href":"https:\/\/cultura.sma.gob.ar\/index.php?rest_route=%2Fwp%2Fv2%2Fcomments&post=2402"}],"version-history":[{"count":2,"href":"https:\/\/cultura.sma.gob.ar\/index.php?rest_route=\/wp\/v2\/posts\/2402\/revisions"}],"predecessor-version":[{"id":2562,"href":"https:\/\/cultura.sma.gob.ar\/index.php?rest_route=\/wp\/v2\/posts\/2402\/revisions\/2562"}],"wp:featuredmedia":[{"embeddable":true,"href":"https:\/\/cultura.sma.gob.ar\/index.php?rest_route=\/wp\/v2\/media\/296"}],"wp:attachment":[{"href":"https:\/\/cultura.sma.gob.ar\/index.php?rest_route=%2Fwp%2Fv2%2Fmedia&parent=2402"}],"wp:term":[{"taxonomy":"category","embeddable":true,"href":"https:\/\/cultura.sma.gob.ar\/index.php?rest_route=%2Fwp%2Fv2%2Fcategories&post=2402"},{"taxonomy":"post_tag","embeddable":true,"href":"https:\/\/cultura.sma.gob.ar\/index.php?rest_route=%2Fwp%2Fv2%2Ftags&post=2402"}],"curies":[{"name":"wp","href":"https:\/\/api.w.org\/{rel}","templated":true}]}}