{"id":2399,"date":"2021-10-05T12:40:03","date_gmt":"2021-10-05T15:40:03","guid":{"rendered":"http:\/\/cultura.sma.gob.ar\/?p=2399"},"modified":"2021-10-05T12:40:03","modified_gmt":"2021-10-05T15:40:03","slug":"gerardo-burton-cantares-de-junio","status":"publish","type":"post","link":"https:\/\/cultura.sma.gob.ar\/?p=2399","title":{"rendered":"Gerardo Burton &#8211; &#8220;Cantares de junio&#8221;"},"content":{"rendered":"\n<h4 class=\"wp-block-heading\">Jueves 14 de octubre a las 19hs &#8211; Auditorio Sala Chapitel<\/h4>\n\n\n\n<p>Organiza: Comisi\u00f3n FRL<\/p>\n\n\n\n<p>G\u00e9nero: Poes\u00eda<br>Todo p\u00fablico<\/p>\n\n\n\n<p>Es un libro de poemas que relata los bombardeos sobre plaza de mayo en junio de 1955 y enlaza ese acontecimiento con otros ocurridos en la historia pol\u00edtica de la Argentina, especialmente los referidos a la violencia ejercida por las instituciones y las clases dirigentes sobre la poblaci\u00f3n civil.<\/p>\n\n\n\n<p><strong>Gerardo Burton <\/strong>naci\u00f3 en Buenos Aires en 1951. Reside en Neuqu\u00e9n desde 1986. Es periodista, editor de libros y escribe poes\u00eda. Sus obras m\u00e1s recientes en poes\u00eda son <em>radiofotos<\/em> (2004); <em>tranv\u00eda 4<\/em> (2013) y <em>heridas que no cierran<\/em> (2017). En forma artesanal edit\u00f3 varios poemarios. En 2013 se public\u00f3 una recopilaci\u00f3n de art\u00edculos period\u00edsticos \u2013<em>La piedra y la ra\u00ed<\/em>z- y en 2017, su investigaci\u00f3n titulada <em>Cr\u00f3nica del subsuelo, el petr\u00f3leo en Neuqu\u00e9n 1918-2013<\/em>.<\/p>\n\n\n\n<p>Participa en ediciones colectivas, en festivales y encuentros en el pa\u00eds y en el exterior. Aprende pintura y gestiona los sitios <a href=\"http:\/\/www.lacebolladevidrio.blogspot.com\/\">www.lacebolladevidrio.blogspot.com<\/a> y <a href=\"http:\/\/www.larosadearena.blogspot.com\/\">www.larosadearena.blogspot.com<\/a>.<\/p>\n","protected":false},"excerpt":{"rendered":"<p>Jueves 14 de octubre a las 19hs &#8211; Auditorio Sala Chapitel Organiza: Comisi\u00f3n FRL G\u00e9nero: Poes\u00edaTodo p\u00fablico Es un libro de poemas que relata los bombardeos sobre plaza de mayo en junio de 1955 y enlaza ese acontecimiento con otros ocurridos en la historia pol\u00edtica de la Argentina, especialmente los referidos a la violencia ejercida por las instituciones y las clases dirigentes sobre la poblaci\u00f3n &hellip; <a href=\"https:\/\/cultura.sma.gob.ar\/?p=2399\" class=\"more-link\">Continue reading <span class=\"screen-reader-text\">Gerardo Burton &#8211; &#8220;Cantares de junio&#8221;<\/span><\/a><\/p>\n","protected":false},"author":1,"featured_media":296,"comment_status":"closed","ping_status":"","sticky":false,"template":"","format":"image","meta":{"footnotes":""},"categories":[3,9],"tags":[67],"class_list":["post-2399","post","type-post","status-publish","format-image","has-post-thumbnail","hentry","category-eventos-cultura","category-ultimas-noticias","tag-feria-del-libro","post_format-post-format-image"],"_links":{"self":[{"href":"https:\/\/cultura.sma.gob.ar\/index.php?rest_route=\/wp\/v2\/posts\/2399","targetHints":{"allow":["GET"]}}],"collection":[{"href":"https:\/\/cultura.sma.gob.ar\/index.php?rest_route=\/wp\/v2\/posts"}],"about":[{"href":"https:\/\/cultura.sma.gob.ar\/index.php?rest_route=\/wp\/v2\/types\/post"}],"author":[{"embeddable":true,"href":"https:\/\/cultura.sma.gob.ar\/index.php?rest_route=\/wp\/v2\/users\/1"}],"replies":[{"embeddable":true,"href":"https:\/\/cultura.sma.gob.ar\/index.php?rest_route=%2Fwp%2Fv2%2Fcomments&post=2399"}],"version-history":[{"count":2,"href":"https:\/\/cultura.sma.gob.ar\/index.php?rest_route=\/wp\/v2\/posts\/2399\/revisions"}],"predecessor-version":[{"id":2513,"href":"https:\/\/cultura.sma.gob.ar\/index.php?rest_route=\/wp\/v2\/posts\/2399\/revisions\/2513"}],"wp:featuredmedia":[{"embeddable":true,"href":"https:\/\/cultura.sma.gob.ar\/index.php?rest_route=\/wp\/v2\/media\/296"}],"wp:attachment":[{"href":"https:\/\/cultura.sma.gob.ar\/index.php?rest_route=%2Fwp%2Fv2%2Fmedia&parent=2399"}],"wp:term":[{"taxonomy":"category","embeddable":true,"href":"https:\/\/cultura.sma.gob.ar\/index.php?rest_route=%2Fwp%2Fv2%2Fcategories&post=2399"},{"taxonomy":"post_tag","embeddable":true,"href":"https:\/\/cultura.sma.gob.ar\/index.php?rest_route=%2Fwp%2Fv2%2Ftags&post=2399"}],"curies":[{"name":"wp","href":"https:\/\/api.w.org\/{rel}","templated":true}]}}