{"id":2395,"date":"2021-10-05T12:35:06","date_gmt":"2021-10-05T15:35:06","guid":{"rendered":"http:\/\/cultura.sma.gob.ar\/?p=2395"},"modified":"2021-10-11T16:15:30","modified_gmt":"2021-10-11T19:15:30","slug":"mariela-de-la-sota-la-manta-de-las-historias","status":"publish","type":"post","link":"https:\/\/cultura.sma.gob.ar\/?p=2395","title":{"rendered":"Mariela de la Sota &#8211; Taller de narraci\u00f3n oral y literatura infantil."},"content":{"rendered":"\n<h4 class=\"wp-block-heading\">Jueves 14 de octubre a las 16hs &#8211; Auditorio Sala Chapitel<\/h4>\n\n\n\n<p>Organiza: Comisi\u00f3n FRL<\/p>\n\n\n\n<p>Destinado a j\u00f3venes y adultos.<\/p>\n\n\n\n<p>La narradora oral Mariela de la Sota realizar\u00e1 un taller intensivo sobre las t\u00e9cnicas de narrar de manera oral, y literatura infantil.<\/p>\n","protected":false},"excerpt":{"rendered":"<p>Jueves 14 de octubre a las 16hs &#8211; Auditorio Sala Chapitel Organiza: Comisi\u00f3n FRL Destinado a j\u00f3venes y adultos. La narradora oral Mariela de la Sota realizar\u00e1 un taller intensivo sobre las t\u00e9cnicas de narrar de manera oral, y literatura infantil. <a href=\"https:\/\/cultura.sma.gob.ar\/?p=2395\" class=\"more-link\">Continue reading <span class=\"screen-reader-text\">Mariela de la Sota &#8211; Taller de narraci\u00f3n oral y literatura infantil.<\/span><\/a><\/p>\n","protected":false},"author":1,"featured_media":296,"comment_status":"closed","ping_status":"","sticky":false,"template":"","format":"image","meta":{"footnotes":""},"categories":[3,9],"tags":[67],"class_list":["post-2395","post","type-post","status-publish","format-image","has-post-thumbnail","hentry","category-eventos-cultura","category-ultimas-noticias","tag-feria-del-libro","post_format-post-format-image"],"_links":{"self":[{"href":"https:\/\/cultura.sma.gob.ar\/index.php?rest_route=\/wp\/v2\/posts\/2395","targetHints":{"allow":["GET"]}}],"collection":[{"href":"https:\/\/cultura.sma.gob.ar\/index.php?rest_route=\/wp\/v2\/posts"}],"about":[{"href":"https:\/\/cultura.sma.gob.ar\/index.php?rest_route=\/wp\/v2\/types\/post"}],"author":[{"embeddable":true,"href":"https:\/\/cultura.sma.gob.ar\/index.php?rest_route=\/wp\/v2\/users\/1"}],"replies":[{"embeddable":true,"href":"https:\/\/cultura.sma.gob.ar\/index.php?rest_route=%2Fwp%2Fv2%2Fcomments&post=2395"}],"version-history":[{"count":3,"href":"https:\/\/cultura.sma.gob.ar\/index.php?rest_route=\/wp\/v2\/posts\/2395\/revisions"}],"predecessor-version":[{"id":2592,"href":"https:\/\/cultura.sma.gob.ar\/index.php?rest_route=\/wp\/v2\/posts\/2395\/revisions\/2592"}],"wp:featuredmedia":[{"embeddable":true,"href":"https:\/\/cultura.sma.gob.ar\/index.php?rest_route=\/wp\/v2\/media\/296"}],"wp:attachment":[{"href":"https:\/\/cultura.sma.gob.ar\/index.php?rest_route=%2Fwp%2Fv2%2Fmedia&parent=2395"}],"wp:term":[{"taxonomy":"category","embeddable":true,"href":"https:\/\/cultura.sma.gob.ar\/index.php?rest_route=%2Fwp%2Fv2%2Fcategories&post=2395"},{"taxonomy":"post_tag","embeddable":true,"href":"https:\/\/cultura.sma.gob.ar\/index.php?rest_route=%2Fwp%2Fv2%2Ftags&post=2395"}],"curies":[{"name":"wp","href":"https:\/\/api.w.org\/{rel}","templated":true}]}}