{"id":2393,"date":"2021-10-05T14:41:53","date_gmt":"2021-10-05T17:41:53","guid":{"rendered":"http:\/\/cultura.sma.gob.ar\/?p=2393"},"modified":"2021-10-05T14:41:53","modified_gmt":"2021-10-05T17:41:53","slug":"cintia-ubeda-sembrar-la-palabra-taller-de-escritura-creativa","status":"publish","type":"post","link":"https:\/\/cultura.sma.gob.ar\/?p=2393","title":{"rendered":"Cintia Ubeda &#8211; &#8220;Sembrar la palabra, taller de escritura creativa&#8221;"},"content":{"rendered":"\n<h4 class=\"wp-block-heading\">Mi\u00e9rcoles 13 de octubre a las 18hs &#8211; BP 9 de Julio<\/h4>\n\n\n\n<p>Este taller se propone acercar el universo literario a j\u00f3venes y\/o adultos, ayud\u00e1ndolos a descubrir la presencia de la literatura en la palabra cotidiana y sensibilizarlos para que puedan apropiarse del discurso po\u00e9tico y narrativo asumiendo una voz propia. Destinado a j\u00f3venes y adultos, se propone trabajar la escritura literaria desde la palabra cotidiana.<\/p>\n\n\n\n<p><strong>Cintia Ubeda<\/strong><\/p>\n\n\n\n<p>Naci\u00f3 en el a\u00f1o 1980, en la ciudad de Viedma donde sigue residiendo en la actualidad.<\/p>\n\n\n\n<p>Se desempe\u00f1a como directora de la Editorial Municipal de Viedma. Es escritora, docente, y coordina talleres literarios en el Centro Municipal de Cultura de Viedma. Se encuentra vinculada con la danza, la producci\u00f3n y la gesti\u00f3n de eventos culturales. Produce <em>Palabras r\u00edo arriba<\/em>&nbsp; (p\u00e1gina de literatura para el Ministerio de Educaci\u00f3n de R\u00edo Negro) junto a Mariana Rizzuto y Marina Hernalz.&nbsp;<\/p>\n\n\n\n<p>Forma parte del colectivo art\u00edstico Paralelo 40\u00b0 Literatura. Escribe narrativa y poes\u00eda. Obtuvo la primera menci\u00f3n en el concurso organizado por el Fondo Editorial Rionegrino 2017, categor\u00eda Libro \u00c1lbum con <em>El campe\u00f3n<\/em>. Ha publicado <em>El Libro rojo<\/em> (FER), <em>Ciro<\/em> (Vela al viento), El Campe\u00f3n (FER 2021) y forma parte de la Antolog\u00eda de poes\u00eda joven &#8220;Por senderos no pisados&#8221; publicado por el FER en diciembre de 2020.<\/p>\n","protected":false},"excerpt":{"rendered":"<p>Mi\u00e9rcoles 13 de octubre a las 18hs &#8211; BP 9 de Julio Este taller se propone acercar el universo literario a j\u00f3venes y\/o adultos, ayud\u00e1ndolos a descubrir la presencia de la literatura en la palabra cotidiana y sensibilizarlos para que puedan apropiarse del discurso po\u00e9tico y narrativo asumiendo una voz propia. Destinado a j\u00f3venes y adultos, se propone trabajar la escritura literaria desde la palabra &hellip; <a href=\"https:\/\/cultura.sma.gob.ar\/?p=2393\" class=\"more-link\">Continue reading <span class=\"screen-reader-text\">Cintia Ubeda &#8211; &#8220;Sembrar la palabra, taller de escritura creativa&#8221;<\/span><\/a><\/p>\n","protected":false},"author":1,"featured_media":296,"comment_status":"closed","ping_status":"","sticky":false,"template":"","format":"image","meta":{"footnotes":""},"categories":[3,9],"tags":[67],"class_list":["post-2393","post","type-post","status-publish","format-image","has-post-thumbnail","hentry","category-eventos-cultura","category-ultimas-noticias","tag-feria-del-libro","post_format-post-format-image"],"_links":{"self":[{"href":"https:\/\/cultura.sma.gob.ar\/index.php?rest_route=\/wp\/v2\/posts\/2393","targetHints":{"allow":["GET"]}}],"collection":[{"href":"https:\/\/cultura.sma.gob.ar\/index.php?rest_route=\/wp\/v2\/posts"}],"about":[{"href":"https:\/\/cultura.sma.gob.ar\/index.php?rest_route=\/wp\/v2\/types\/post"}],"author":[{"embeddable":true,"href":"https:\/\/cultura.sma.gob.ar\/index.php?rest_route=\/wp\/v2\/users\/1"}],"replies":[{"embeddable":true,"href":"https:\/\/cultura.sma.gob.ar\/index.php?rest_route=%2Fwp%2Fv2%2Fcomments&post=2393"}],"version-history":[{"count":2,"href":"https:\/\/cultura.sma.gob.ar\/index.php?rest_route=\/wp\/v2\/posts\/2393\/revisions"}],"predecessor-version":[{"id":2563,"href":"https:\/\/cultura.sma.gob.ar\/index.php?rest_route=\/wp\/v2\/posts\/2393\/revisions\/2563"}],"wp:featuredmedia":[{"embeddable":true,"href":"https:\/\/cultura.sma.gob.ar\/index.php?rest_route=\/wp\/v2\/media\/296"}],"wp:attachment":[{"href":"https:\/\/cultura.sma.gob.ar\/index.php?rest_route=%2Fwp%2Fv2%2Fmedia&parent=2393"}],"wp:term":[{"taxonomy":"category","embeddable":true,"href":"https:\/\/cultura.sma.gob.ar\/index.php?rest_route=%2Fwp%2Fv2%2Fcategories&post=2393"},{"taxonomy":"post_tag","embeddable":true,"href":"https:\/\/cultura.sma.gob.ar\/index.php?rest_route=%2Fwp%2Fv2%2Ftags&post=2393"}],"curies":[{"name":"wp","href":"https:\/\/api.w.org\/{rel}","templated":true}]}}