{"id":2391,"date":"2021-10-05T11:49:49","date_gmt":"2021-10-05T14:49:49","guid":{"rendered":"http:\/\/cultura.sma.gob.ar\/?p=2391"},"modified":"2021-10-05T11:49:49","modified_gmt":"2021-10-05T14:49:49","slug":"cintia-ubeda-el-campeon","status":"publish","type":"post","link":"https:\/\/cultura.sma.gob.ar\/?p=2391","title":{"rendered":"Cintia Ubeda &#8211; El Campe\u00f3n"},"content":{"rendered":"\n<h4 class=\"wp-block-heading\">Martes 12 de octubre, 15hs &#8211; Auditorio Sala Chapitel<\/h4>\n\n\n\n<p>Organiza: comisi\u00f3n FRL<\/p>\n\n\n\n<p>P\u00fablico: infantil, docentes.<\/p>\n\n\n\n<p>Campe\u00f3n cuenta un d\u00eda en la vida de Fernando, un hombre que hace tiempo tiene d\u00edas tristes y en soledad. A esto se le suma que el clima lluvioso de oto\u00f1o no acompa\u00f1a. Sin embargo, a pesar del d\u00eda, Fernando decide salir a correr junto al r\u00edo y, de pronto, algo empieza a cambiar.<\/p>\n\n\n\n<p><strong>Cintia Ubeda<\/strong><\/p>\n\n\n\n<p>Naci\u00f3 en el a\u00f1o 1980, en la ciudad de Viedma donde sigue residiendo en la actualidad. Se desempe\u00f1a como directora de la Editorial Municipal de Viedma. Es escritora, docente, y coordina talleres literarios en el Centro Municipal de Cultura de Viedma. Se encuentra vinculada con la danza, la producci\u00f3n y la gesti\u00f3n de eventos culturales. Produce <em>Palabras r\u00edo arriba<\/em>&nbsp; (p\u00e1gina de literatura para el Ministerio de Educaci\u00f3n de R\u00edo Negro) junto a Mariana Rizzuto y Marina Hernalz.&nbsp;<\/p>\n\n\n\n<p>Forma parte del colectivo art\u00edstico Paralelo 40\u00b0 Literatura. Escribe narrativa y poes\u00eda. Obtuvo la primera menci\u00f3n en el concurso organizado por el Fondo Editorial Rionegrino 2017, categor\u00eda Libro \u00c1lbum con <em>El campe\u00f3n<\/em>. Ha publicado <em>El Libro rojo<\/em> (FER), <em>Ciro<\/em> (Vela al viento), El Campe\u00f3n (FER 2021) y forma parte de la Antolog\u00eda de poes\u00eda joven &#8220;Por senderos no pisados&#8221; publicado por el FER en diciembre de 2020.<\/p>\n","protected":false},"excerpt":{"rendered":"<p>Martes 12 de octubre, 15hs &#8211; Auditorio Sala Chapitel Organiza: comisi\u00f3n FRL P\u00fablico: infantil, docentes. Campe\u00f3n cuenta un d\u00eda en la vida de Fernando, un hombre que hace tiempo tiene d\u00edas tristes y en soledad. A esto se le suma que el clima lluvioso de oto\u00f1o no acompa\u00f1a. Sin embargo, a pesar del d\u00eda, Fernando decide salir a correr junto al r\u00edo y, de pronto, &hellip; <a href=\"https:\/\/cultura.sma.gob.ar\/?p=2391\" class=\"more-link\">Continue reading <span class=\"screen-reader-text\">Cintia Ubeda &#8211; El Campe\u00f3n<\/span><\/a><\/p>\n","protected":false},"author":1,"featured_media":296,"comment_status":"closed","ping_status":"","sticky":false,"template":"","format":"image","meta":{"footnotes":""},"categories":[3,9],"tags":[67],"class_list":["post-2391","post","type-post","status-publish","format-image","has-post-thumbnail","hentry","category-eventos-cultura","category-ultimas-noticias","tag-feria-del-libro","post_format-post-format-image"],"_links":{"self":[{"href":"https:\/\/cultura.sma.gob.ar\/index.php?rest_route=\/wp\/v2\/posts\/2391","targetHints":{"allow":["GET"]}}],"collection":[{"href":"https:\/\/cultura.sma.gob.ar\/index.php?rest_route=\/wp\/v2\/posts"}],"about":[{"href":"https:\/\/cultura.sma.gob.ar\/index.php?rest_route=\/wp\/v2\/types\/post"}],"author":[{"embeddable":true,"href":"https:\/\/cultura.sma.gob.ar\/index.php?rest_route=\/wp\/v2\/users\/1"}],"replies":[{"embeddable":true,"href":"https:\/\/cultura.sma.gob.ar\/index.php?rest_route=%2Fwp%2Fv2%2Fcomments&post=2391"}],"version-history":[{"count":2,"href":"https:\/\/cultura.sma.gob.ar\/index.php?rest_route=\/wp\/v2\/posts\/2391\/revisions"}],"predecessor-version":[{"id":2483,"href":"https:\/\/cultura.sma.gob.ar\/index.php?rest_route=\/wp\/v2\/posts\/2391\/revisions\/2483"}],"wp:featuredmedia":[{"embeddable":true,"href":"https:\/\/cultura.sma.gob.ar\/index.php?rest_route=\/wp\/v2\/media\/296"}],"wp:attachment":[{"href":"https:\/\/cultura.sma.gob.ar\/index.php?rest_route=%2Fwp%2Fv2%2Fmedia&parent=2391"}],"wp:term":[{"taxonomy":"category","embeddable":true,"href":"https:\/\/cultura.sma.gob.ar\/index.php?rest_route=%2Fwp%2Fv2%2Fcategories&post=2391"},{"taxonomy":"post_tag","embeddable":true,"href":"https:\/\/cultura.sma.gob.ar\/index.php?rest_route=%2Fwp%2Fv2%2Ftags&post=2391"}],"curies":[{"name":"wp","href":"https:\/\/api.w.org\/{rel}","templated":true}]}}