{"id":2389,"date":"2021-10-05T13:48:45","date_gmt":"2021-10-05T16:48:45","guid":{"rendered":"http:\/\/cultura.sma.gob.ar\/?p=2389"},"modified":"2021-10-05T13:48:45","modified_gmt":"2021-10-05T16:48:45","slug":"los-libros-de-tamara-celebracion-a-la-poetica-de-tamara-kamenszain","status":"publish","type":"post","link":"https:\/\/cultura.sma.gob.ar\/?p=2389","title":{"rendered":"\u201cLos libros de Tamara\u201d &#8211; Celebraci\u00f3n a la po\u00e9tica de Tamara Kamenszain"},"content":{"rendered":"\n<h4 class=\"wp-block-heading\">Domingo 17 de octubre a las 18hs &#8211; Auditorio Sala Chapitel<\/h4>\n\n\n\n<p>Mesa redonda abierta a todo p\u00fablico.<\/p>\n\n\n\n<p>Disertantes: Colectiva de Escritoras Patag\u00f3nicas (Casa San Mart\u00edn de los Andes)<\/p>\n\n\n\n<p>Se trata de una presentaci\u00f3n de la po\u00e9tica de Kamenszain a trav\u00e9s de lectura de poemas, entrevistas y conversatorio po\u00e9tico. La propuesta surge a partir del fallecimiento de la autora durante este a\u00f1o. Una escritora con un haber de obra impresionante y adem\u00e1s, una de las coordinadora de la carrera de escritura de la UNA (CABA)<\/p>\n","protected":false},"excerpt":{"rendered":"<p>Domingo 17 de octubre a las 18hs &#8211; Auditorio Sala Chapitel Mesa redonda abierta a todo p\u00fablico. Disertantes: Colectiva de Escritoras Patag\u00f3nicas (Casa San Mart\u00edn de los Andes) Se trata de una presentaci\u00f3n de la po\u00e9tica de Kamenszain a trav\u00e9s de lectura de poemas, entrevistas y conversatorio po\u00e9tico. La propuesta surge a partir del fallecimiento de la autora durante este a\u00f1o. Una escritora con un &hellip; <a href=\"https:\/\/cultura.sma.gob.ar\/?p=2389\" class=\"more-link\">Continue reading <span class=\"screen-reader-text\">\u201cLos libros de Tamara\u201d &#8211; Celebraci\u00f3n a la po\u00e9tica de Tamara Kamenszain<\/span><\/a><\/p>\n","protected":false},"author":1,"featured_media":296,"comment_status":"closed","ping_status":"","sticky":false,"template":"","format":"image","meta":{"footnotes":""},"categories":[3,9],"tags":[67],"class_list":["post-2389","post","type-post","status-publish","format-image","has-post-thumbnail","hentry","category-eventos-cultura","category-ultimas-noticias","tag-feria-del-libro","post_format-post-format-image"],"_links":{"self":[{"href":"https:\/\/cultura.sma.gob.ar\/index.php?rest_route=\/wp\/v2\/posts\/2389","targetHints":{"allow":["GET"]}}],"collection":[{"href":"https:\/\/cultura.sma.gob.ar\/index.php?rest_route=\/wp\/v2\/posts"}],"about":[{"href":"https:\/\/cultura.sma.gob.ar\/index.php?rest_route=\/wp\/v2\/types\/post"}],"author":[{"embeddable":true,"href":"https:\/\/cultura.sma.gob.ar\/index.php?rest_route=\/wp\/v2\/users\/1"}],"replies":[{"embeddable":true,"href":"https:\/\/cultura.sma.gob.ar\/index.php?rest_route=%2Fwp%2Fv2%2Fcomments&post=2389"}],"version-history":[{"count":2,"href":"https:\/\/cultura.sma.gob.ar\/index.php?rest_route=\/wp\/v2\/posts\/2389\/revisions"}],"predecessor-version":[{"id":2540,"href":"https:\/\/cultura.sma.gob.ar\/index.php?rest_route=\/wp\/v2\/posts\/2389\/revisions\/2540"}],"wp:featuredmedia":[{"embeddable":true,"href":"https:\/\/cultura.sma.gob.ar\/index.php?rest_route=\/wp\/v2\/media\/296"}],"wp:attachment":[{"href":"https:\/\/cultura.sma.gob.ar\/index.php?rest_route=%2Fwp%2Fv2%2Fmedia&parent=2389"}],"wp:term":[{"taxonomy":"category","embeddable":true,"href":"https:\/\/cultura.sma.gob.ar\/index.php?rest_route=%2Fwp%2Fv2%2Fcategories&post=2389"},{"taxonomy":"post_tag","embeddable":true,"href":"https:\/\/cultura.sma.gob.ar\/index.php?rest_route=%2Fwp%2Fv2%2Ftags&post=2389"}],"curies":[{"name":"wp","href":"https:\/\/api.w.org\/{rel}","templated":true}]}}