{"id":2385,"date":"2021-10-05T13:51:18","date_gmt":"2021-10-05T16:51:18","guid":{"rendered":"http:\/\/cultura.sma.gob.ar\/?p=2385"},"modified":"2021-10-05T13:51:18","modified_gmt":"2021-10-05T16:51:18","slug":"homenaje-a-las-trayectorias-de-marcelo-gobbo-y-carla-potenza","status":"publish","type":"post","link":"https:\/\/cultura.sma.gob.ar\/?p=2385","title":{"rendered":"Homenaje a las trayectorias de Marcelo Gobbo y Carla Potenza"},"content":{"rendered":"\n<h4 class=\"wp-block-heading\">Domingo 17 de octubre a las 21hs &#8211; Auditorio Sala Chapitel<\/h4>\n\n\n\n<p>Mesa redonda. Abierto a todo p\u00fablico.<\/p>\n\n\n\n<p>Disertantes: Camila Calderoni, Diego Rodr\u00edguez Reis, Lucas Verduga Santill\u00e1n, Daniel T\u00f3rtora, m\u00e1s lectores.<\/p>\n\n\n\n<p>Festejo y reconocimiento de dos autores locales en un di\u00e1logo intergeneracional. Por un lado reconoceremos los primeros y certeros pasos de la novel poeta Carla Potenza. Luego se pasar\u00e1 a reconocer la amplia y continuada trayectoria de un escritor de gran peso para la comunidad: Marcelo Gobbo; tanto en su veta como poeta, ensayista o escritor de relatos y novelas.&nbsp;&nbsp;<\/p>\n","protected":false},"excerpt":{"rendered":"<p>Domingo 17 de octubre a las 21hs &#8211; Auditorio Sala Chapitel Mesa redonda. Abierto a todo p\u00fablico. Disertantes: Camila Calderoni, Diego Rodr\u00edguez Reis, Lucas Verduga Santill\u00e1n, Daniel T\u00f3rtora, m\u00e1s lectores. Festejo y reconocimiento de dos autores locales en un di\u00e1logo intergeneracional. Por un lado reconoceremos los primeros y certeros pasos de la novel poeta Carla Potenza. Luego se pasar\u00e1 a reconocer la amplia y continuada &hellip; <a href=\"https:\/\/cultura.sma.gob.ar\/?p=2385\" class=\"more-link\">Continue reading <span class=\"screen-reader-text\">Homenaje a las trayectorias de Marcelo Gobbo y Carla Potenza<\/span><\/a><\/p>\n","protected":false},"author":1,"featured_media":296,"comment_status":"closed","ping_status":"","sticky":false,"template":"","format":"image","meta":{"footnotes":""},"categories":[3,9],"tags":[67],"class_list":["post-2385","post","type-post","status-publish","format-image","has-post-thumbnail","hentry","category-eventos-cultura","category-ultimas-noticias","tag-feria-del-libro","post_format-post-format-image"],"_links":{"self":[{"href":"https:\/\/cultura.sma.gob.ar\/index.php?rest_route=\/wp\/v2\/posts\/2385","targetHints":{"allow":["GET"]}}],"collection":[{"href":"https:\/\/cultura.sma.gob.ar\/index.php?rest_route=\/wp\/v2\/posts"}],"about":[{"href":"https:\/\/cultura.sma.gob.ar\/index.php?rest_route=\/wp\/v2\/types\/post"}],"author":[{"embeddable":true,"href":"https:\/\/cultura.sma.gob.ar\/index.php?rest_route=\/wp\/v2\/users\/1"}],"replies":[{"embeddable":true,"href":"https:\/\/cultura.sma.gob.ar\/index.php?rest_route=%2Fwp%2Fv2%2Fcomments&post=2385"}],"version-history":[{"count":2,"href":"https:\/\/cultura.sma.gob.ar\/index.php?rest_route=\/wp\/v2\/posts\/2385\/revisions"}],"predecessor-version":[{"id":2542,"href":"https:\/\/cultura.sma.gob.ar\/index.php?rest_route=\/wp\/v2\/posts\/2385\/revisions\/2542"}],"wp:featuredmedia":[{"embeddable":true,"href":"https:\/\/cultura.sma.gob.ar\/index.php?rest_route=\/wp\/v2\/media\/296"}],"wp:attachment":[{"href":"https:\/\/cultura.sma.gob.ar\/index.php?rest_route=%2Fwp%2Fv2%2Fmedia&parent=2385"}],"wp:term":[{"taxonomy":"category","embeddable":true,"href":"https:\/\/cultura.sma.gob.ar\/index.php?rest_route=%2Fwp%2Fv2%2Fcategories&post=2385"},{"taxonomy":"post_tag","embeddable":true,"href":"https:\/\/cultura.sma.gob.ar\/index.php?rest_route=%2Fwp%2Fv2%2Ftags&post=2385"}],"curies":[{"name":"wp","href":"https:\/\/api.w.org\/{rel}","templated":true}]}}