{"id":2381,"date":"2021-10-05T14:27:00","date_gmt":"2021-10-05T17:27:00","guid":{"rendered":"http:\/\/cultura.sma.gob.ar\/?p=2381"},"modified":"2021-10-05T14:27:00","modified_gmt":"2021-10-05T17:27:00","slug":"claudia-pineiro-guion-y-dramaturgia","status":"publish","type":"post","link":"https:\/\/cultura.sma.gob.ar\/?p=2381","title":{"rendered":"Claudia Pi\u00f1eiro &#8211; Gui\u00f3n y dramaturgia"},"content":{"rendered":"\n<h4 class=\"wp-block-heading\">Lunes 11 de octubre a las 18hs &#8211; Teatro Piccolo<\/h4>\n\n\n\n<p>Presenta: Mavi Belinche.<\/p>\n\n\n\n<p>Charla abierta sobre las herramientas, los procesos y las variantes que se manejan en la producci\u00f3n de guiones de televisi\u00f3n y obras teatrales.<\/p>\n\n\n\n<p>Claudia Pi\u00f1eiro naci\u00f3 en el Gran Buenos Aires en 1960. Es escritora, dramaturga, guionista de TV y colaboradora de distintos medios gr\u00e1ficos. Ha publicado las novelas Las viudas de los jueves, que recibi\u00f3 el Premio Clar\u00edn de Novela&nbsp; 2005; Tuya (Alfaguara, 2005); Elena sabe, Premio LiBeraturpreis 2010 (Alfaguara, 2007); Las grietas de Jara,Premio Sor Juana In\u00e9s de la Cruz 2010 (Alfaguara, 2009); Betib\u00fa (Alfaguara, 2011); Un comunista en calzoncillos (Alfaguara, 2013); Una suerte peque\u00f1a (Alfaguara, 2015); Las maldiciones (Alfaguara, 2017) y el libro de cuentos Qui\u00e9n no (2018), adem\u00e1s de relatos para ni\u00f1os y obras de teatro. Por su obra literaria, teatral y period\u00edstica, ha obtenido diversos premios nacionales e internacionales, como el Premio Pepe Carvalho del Festival Barcelona Negra y el XII Premio Rosal\u00eda de Castro del PEN (Club de Poetas, Ensayistas y Narradores de Galicia), que distingue anualmente la trayectoria literaria de cuatro autores relevantes en lengua portuguesa, castellana, catalana y vasca. Varias de sus novelas han sido llevadas al cine. Es una de las escritoras argentinas m\u00e1s traducidas a otros idiomas, lo que hace que sus libros sean le\u00eddos y disfrutados por miles de lectores en todo el mundo.<\/p>\n","protected":false},"excerpt":{"rendered":"<p>Lunes 11 de octubre a las 18hs &#8211; Teatro Piccolo Presenta: Mavi Belinche. Charla abierta sobre las herramientas, los procesos y las variantes que se manejan en la producci\u00f3n de guiones de televisi\u00f3n y obras teatrales. Claudia Pi\u00f1eiro naci\u00f3 en el Gran Buenos Aires en 1960. Es escritora, dramaturga, guionista de TV y colaboradora de distintos medios gr\u00e1ficos. Ha publicado las novelas Las viudas de &hellip; <a href=\"https:\/\/cultura.sma.gob.ar\/?p=2381\" class=\"more-link\">Continue reading <span class=\"screen-reader-text\">Claudia Pi\u00f1eiro &#8211; Gui\u00f3n y dramaturgia<\/span><\/a><\/p>\n","protected":false},"author":1,"featured_media":296,"comment_status":"closed","ping_status":"","sticky":false,"template":"","format":"image","meta":{"footnotes":""},"categories":[3,9],"tags":[67],"class_list":["post-2381","post","type-post","status-publish","format-image","has-post-thumbnail","hentry","category-eventos-cultura","category-ultimas-noticias","tag-feria-del-libro","post_format-post-format-image"],"_links":{"self":[{"href":"https:\/\/cultura.sma.gob.ar\/index.php?rest_route=\/wp\/v2\/posts\/2381","targetHints":{"allow":["GET"]}}],"collection":[{"href":"https:\/\/cultura.sma.gob.ar\/index.php?rest_route=\/wp\/v2\/posts"}],"about":[{"href":"https:\/\/cultura.sma.gob.ar\/index.php?rest_route=\/wp\/v2\/types\/post"}],"author":[{"embeddable":true,"href":"https:\/\/cultura.sma.gob.ar\/index.php?rest_route=\/wp\/v2\/users\/1"}],"replies":[{"embeddable":true,"href":"https:\/\/cultura.sma.gob.ar\/index.php?rest_route=%2Fwp%2Fv2%2Fcomments&post=2381"}],"version-history":[{"count":2,"href":"https:\/\/cultura.sma.gob.ar\/index.php?rest_route=\/wp\/v2\/posts\/2381\/revisions"}],"predecessor-version":[{"id":2553,"href":"https:\/\/cultura.sma.gob.ar\/index.php?rest_route=\/wp\/v2\/posts\/2381\/revisions\/2553"}],"wp:featuredmedia":[{"embeddable":true,"href":"https:\/\/cultura.sma.gob.ar\/index.php?rest_route=\/wp\/v2\/media\/296"}],"wp:attachment":[{"href":"https:\/\/cultura.sma.gob.ar\/index.php?rest_route=%2Fwp%2Fv2%2Fmedia&parent=2381"}],"wp:term":[{"taxonomy":"category","embeddable":true,"href":"https:\/\/cultura.sma.gob.ar\/index.php?rest_route=%2Fwp%2Fv2%2Fcategories&post=2381"},{"taxonomy":"post_tag","embeddable":true,"href":"https:\/\/cultura.sma.gob.ar\/index.php?rest_route=%2Fwp%2Fv2%2Ftags&post=2381"}],"curies":[{"name":"wp","href":"https:\/\/api.w.org\/{rel}","templated":true}]}}