{"id":2379,"date":"2021-10-05T11:26:22","date_gmt":"2021-10-05T14:26:22","guid":{"rendered":"http:\/\/cultura.sma.gob.ar\/?p=2379"},"modified":"2021-10-05T11:26:22","modified_gmt":"2021-10-05T14:26:22","slug":"claudia-pineiro-conversatorio","status":"publish","type":"post","link":"https:\/\/cultura.sma.gob.ar\/?p=2379","title":{"rendered":"Claudia Pi\u00f1eiro &#8211; Conversatorio"},"content":{"rendered":"\n<h4 class=\"wp-block-heading\">Domingo 10 de octubre, 20hs, Auditorio Sala Chapitel<\/h4>\n\n\n\n<p>Presenta: Gustavo Santos<\/p>\n\n\n\n<p>Conversatorio acerca de la carrera, procesos creativos e inspiraci\u00f3n de esta exitosa autora argentina, quien acaa de estrenar, junto a Marcelo Pi\u00f1eyro la serie policial El Reino.<\/p>\n\n\n\n<p><strong>Claudia Pi\u00f1eiro<\/strong> naci\u00f3 en el Gran Buenos Aires en 1960. Es escritora, dramaturga, guionista de TV y colaboradora de distintos medios gr\u00e1ficos. Ha publicado las novelas Las viudas de los jueves, que recibi\u00f3 el Premio Clar\u00edn de Novela\u00a0 2005; Tuya (Alfaguara, 2005); Elena sabe, Premio LiBeraturpreis 2010 (Alfaguara, 2007); Las grietas de Jara,Premio Sor Juana In\u00e9s de la Cruz 2010 (Alfaguara, 2009); Betib\u00fa (Alfaguara, 2011); Un comunista en calzoncillos (Alfaguara, 2013); Una suerte peque\u00f1a (Alfaguara, 2015); Las maldiciones (Alfaguara, 2017) y el libro de cuentos Qui\u00e9n no (2018), adem\u00e1s de relatos para ni\u00f1os y obras de teatro. Por su obra literaria, teatral y period\u00edstica, ha obtenido diversos premios nacionales e internacionales, como el Premio Pepe Carvalho del Festival Barcelona Negra y el XII Premio Rosal\u00eda de Castro del PEN (Club de Poetas, Ensayistas y Narradores de Galicia), que distingue anualmente la trayectoria literaria de cuatro autores relevantes en lengua portuguesa, castellana, catalana y vasca. Varias de sus novelas han sido llevadas al cine. Es una de las escritoras argentinas m\u00e1s traducidas a otros idiomas, lo que hace que sus libros sean le\u00eddos y disfrutados por miles de lectores en todo el mundo.<\/p>\n","protected":false},"excerpt":{"rendered":"<p>Domingo 10 de octubre, 20hs, Auditorio Sala Chapitel Presenta: Gustavo Santos Conversatorio acerca de la carrera, procesos creativos e inspiraci\u00f3n de esta exitosa autora argentina, quien acaa de estrenar, junto a Marcelo Pi\u00f1eyro la serie policial El Reino. Claudia Pi\u00f1eiro naci\u00f3 en el Gran Buenos Aires en 1960. Es escritora, dramaturga, guionista de TV y colaboradora de distintos medios gr\u00e1ficos. Ha publicado las novelas Las &hellip; <a href=\"https:\/\/cultura.sma.gob.ar\/?p=2379\" class=\"more-link\">Continue reading <span class=\"screen-reader-text\">Claudia Pi\u00f1eiro &#8211; Conversatorio<\/span><\/a><\/p>\n","protected":false},"author":1,"featured_media":296,"comment_status":"closed","ping_status":"","sticky":false,"template":"","format":"image","meta":{"footnotes":""},"categories":[3,9],"tags":[67],"class_list":["post-2379","post","type-post","status-publish","format-image","has-post-thumbnail","hentry","category-eventos-cultura","category-ultimas-noticias","tag-feria-del-libro","post_format-post-format-image"],"_links":{"self":[{"href":"https:\/\/cultura.sma.gob.ar\/index.php?rest_route=\/wp\/v2\/posts\/2379","targetHints":{"allow":["GET"]}}],"collection":[{"href":"https:\/\/cultura.sma.gob.ar\/index.php?rest_route=\/wp\/v2\/posts"}],"about":[{"href":"https:\/\/cultura.sma.gob.ar\/index.php?rest_route=\/wp\/v2\/types\/post"}],"author":[{"embeddable":true,"href":"https:\/\/cultura.sma.gob.ar\/index.php?rest_route=\/wp\/v2\/users\/1"}],"replies":[{"embeddable":true,"href":"https:\/\/cultura.sma.gob.ar\/index.php?rest_route=%2Fwp%2Fv2%2Fcomments&post=2379"}],"version-history":[{"count":2,"href":"https:\/\/cultura.sma.gob.ar\/index.php?rest_route=\/wp\/v2\/posts\/2379\/revisions"}],"predecessor-version":[{"id":2466,"href":"https:\/\/cultura.sma.gob.ar\/index.php?rest_route=\/wp\/v2\/posts\/2379\/revisions\/2466"}],"wp:featuredmedia":[{"embeddable":true,"href":"https:\/\/cultura.sma.gob.ar\/index.php?rest_route=\/wp\/v2\/media\/296"}],"wp:attachment":[{"href":"https:\/\/cultura.sma.gob.ar\/index.php?rest_route=%2Fwp%2Fv2%2Fmedia&parent=2379"}],"wp:term":[{"taxonomy":"category","embeddable":true,"href":"https:\/\/cultura.sma.gob.ar\/index.php?rest_route=%2Fwp%2Fv2%2Fcategories&post=2379"},{"taxonomy":"post_tag","embeddable":true,"href":"https:\/\/cultura.sma.gob.ar\/index.php?rest_route=%2Fwp%2Fv2%2Ftags&post=2379"}],"curies":[{"name":"wp","href":"https:\/\/api.w.org\/{rel}","templated":true}]}}