{"id":2377,"date":"2021-10-05T15:00:48","date_gmt":"2021-10-05T18:00:48","guid":{"rendered":"http:\/\/cultura.sma.gob.ar\/?p=2377"},"modified":"2021-10-05T15:00:48","modified_gmt":"2021-10-05T18:00:48","slug":"augusto-perez-guarnieri-el-murmullo-del-tambor-memorias-sonoras-afroamericanas-y-educacion-musical-colaborativa","status":"publish","type":"post","link":"https:\/\/cultura.sma.gob.ar\/?p=2377","title":{"rendered":"Augusto P\u00e9rez Guarnieri &#8211; &#8220;El murmullo del tambor: memorias sonoras afroamericanas y educaci\u00f3n musical colaborativa&#8221;"},"content":{"rendered":"\n<h4 class=\"wp-block-heading\">S\u00e1bado 16 de octubre a las 16hs &#8211; Teatro San Jos\u00e9<\/h4>\n\n\n\n<p>Actividad colectiva de toque de tambor. Abierto a todo p\u00fablico.<\/p>\n\n\n\n<p>Tocar un tambor implica mucho m\u00e1s que hacer vibrar una membrana luego de golpearla. Tocar un tambor es hacer vibrar una cultura, conocer su historia, su realidad, su tradici\u00f3n y los motivos por los cu\u00e1les a\u00fan hoy cada vez que retumba, se generan abrazos, canciones, danzas y movimientos de encuentro intergeneracional.<\/p>\n\n\n\n<p>Este encuentro propone vivenciar tradiciones musicales de las comunidades gar\u00edfuna (Guatemala) y afroargentina del tronco colonial para reconocer la presencia de estas culturas en la conformaci\u00f3n de nuestra identidad y valorizar su potencial como recurso educativo. No se trata de propuestas de lo que en t\u00e9rminos occidentales se conoce como \u201cpercusi\u00f3n\u201d o \u201ccanci\u00f3n\u201d, sino que representan pr\u00e1cticas sociales generadoras de sentido en contextos culturales desvalorizados e insonorizados por la educaci\u00f3n musical eurocentrada.<\/p>\n\n\n\n<p>Sobre el autor: Profesor en Educaci\u00f3n Musical (Escuela de M\u00fasica Popular de Avellaneda), Profesor de Bater\u00eda (Escuela de Arte de Berisso), Mag\u00edster en Antropolog\u00eda Social y doctorando en Ciencias Sociales (FLACSO-Argentina). Se desempe\u00f1a como investigador en el Instituto de Investigaci\u00f3n en Etnomusicolog\u00eda de Buenos Aires (IIET) donde desarrolla proyectos sobre m\u00fasicas kongo, gar\u00edfuna y afroargentina. Autor de \u201c\u00c1frica en el aula: Una propuesta de educaci\u00f3n musical\u201d (Edulp, 2007), \u201cUbafu: El legado de los abuelos gar\u00edfunas\u201d (Edulp, 2011) y \u201cPalabras(s) de O\u00fcnagulei(s). La espiritualidad gar\u00edfuna de Livingston, Guatemala\u201d (Flacso, 2019). Es docente en el Liceo V. Mercante, secretario de la C\u00e1tedra Libre de Estudios Afroargentinos y Afroamericanos, e investigador en el Museo de Instrumentos Musicales Dr. Emilio Azzarini (Universidad Nacional de La Plata).&nbsp;<\/p>\n","protected":false},"excerpt":{"rendered":"<p>S\u00e1bado 16 de octubre a las 16hs &#8211; Teatro San Jos\u00e9 Actividad colectiva de toque de tambor. Abierto a todo p\u00fablico. Tocar un tambor implica mucho m\u00e1s que hacer vibrar una membrana luego de golpearla. Tocar un tambor es hacer vibrar una cultura, conocer su historia, su realidad, su tradici\u00f3n y los motivos por los cu\u00e1les a\u00fan hoy cada vez que retumba, se generan abrazos, &hellip; <a href=\"https:\/\/cultura.sma.gob.ar\/?p=2377\" class=\"more-link\">Continue reading <span class=\"screen-reader-text\">Augusto P\u00e9rez Guarnieri &#8211; &#8220;El murmullo del tambor: memorias sonoras afroamericanas y educaci\u00f3n musical colaborativa&#8221;<\/span><\/a><\/p>\n","protected":false},"author":1,"featured_media":296,"comment_status":"closed","ping_status":"","sticky":false,"template":"","format":"image","meta":{"footnotes":""},"categories":[3,9],"tags":[67],"class_list":["post-2377","post","type-post","status-publish","format-image","has-post-thumbnail","hentry","category-eventos-cultura","category-ultimas-noticias","tag-feria-del-libro","post_format-post-format-image"],"_links":{"self":[{"href":"https:\/\/cultura.sma.gob.ar\/index.php?rest_route=\/wp\/v2\/posts\/2377","targetHints":{"allow":["GET"]}}],"collection":[{"href":"https:\/\/cultura.sma.gob.ar\/index.php?rest_route=\/wp\/v2\/posts"}],"about":[{"href":"https:\/\/cultura.sma.gob.ar\/index.php?rest_route=\/wp\/v2\/types\/post"}],"author":[{"embeddable":true,"href":"https:\/\/cultura.sma.gob.ar\/index.php?rest_route=\/wp\/v2\/users\/1"}],"replies":[{"embeddable":true,"href":"https:\/\/cultura.sma.gob.ar\/index.php?rest_route=%2Fwp%2Fv2%2Fcomments&post=2377"}],"version-history":[{"count":2,"href":"https:\/\/cultura.sma.gob.ar\/index.php?rest_route=\/wp\/v2\/posts\/2377\/revisions"}],"predecessor-version":[{"id":2571,"href":"https:\/\/cultura.sma.gob.ar\/index.php?rest_route=\/wp\/v2\/posts\/2377\/revisions\/2571"}],"wp:featuredmedia":[{"embeddable":true,"href":"https:\/\/cultura.sma.gob.ar\/index.php?rest_route=\/wp\/v2\/media\/296"}],"wp:attachment":[{"href":"https:\/\/cultura.sma.gob.ar\/index.php?rest_route=%2Fwp%2Fv2%2Fmedia&parent=2377"}],"wp:term":[{"taxonomy":"category","embeddable":true,"href":"https:\/\/cultura.sma.gob.ar\/index.php?rest_route=%2Fwp%2Fv2%2Fcategories&post=2377"},{"taxonomy":"post_tag","embeddable":true,"href":"https:\/\/cultura.sma.gob.ar\/index.php?rest_route=%2Fwp%2Fv2%2Ftags&post=2377"}],"curies":[{"name":"wp","href":"https:\/\/api.w.org\/{rel}","templated":true}]}}