{"id":2373,"date":"2021-10-05T12:32:26","date_gmt":"2021-10-05T15:32:26","guid":{"rendered":"http:\/\/cultura.sma.gob.ar\/?p=2373"},"modified":"2021-10-05T12:32:55","modified_gmt":"2021-10-05T15:32:55","slug":"transmision-en-vivo-para-toda-la-provincia-del-ciclo-literario-el-viento-nos-amontona","status":"publish","type":"post","link":"https:\/\/cultura.sma.gob.ar\/?p=2373","title":{"rendered":"Transmisi\u00f3n en vivo para toda la provincia del ciclo literario &#8220;El viento nos amontona&#8221;"},"content":{"rendered":"\n<h4 class=\"wp-block-heading\">Mi\u00e9rcoles 13 a las 21hs &#8211; Auditorio Sala Chapitel<\/h4>\n\n\n\n<p>Organiza: Ministerio de las Culturas de la Provincia del Neuqu\u00e9n.<\/p>\n\n\n\n<p>Este querido ciclo, organizado por el Ministerio de las Culturas durante cinco a\u00f1os, ha llevado adelante 57 encuentros alrededor de la obra publicada por autores y autoras de nuestra regi\u00f3n literaria, celebrando la presentaci\u00f3n de libros, de editoriales, recitales de lecturas, entrevistas a referentes de la literatura de nuestra provincia, charlas y debates.<\/p>\n\n\n\n<p>Durante este 2021, el Fondo Editorial Neuquino llevar\u00e1 adelante la continuidad del ciclo en y desde las distintas localidades de la Provincia con car\u00e1cter federal e inclusivo en formato presencial y virtual. En esta oportunidad, en el marco de la Feria, desde San Mart\u00edn de los Andes, se realizar\u00e1 un recorrido profundo por las po\u00e9ticas que han desarrollado tres j\u00f3venes poetas de la misma generaci\u00f3n: Carlos Blasco, Romina Olivero y Cecilia Fresco. La conversaci\u00f3n rondar\u00e1 alrededor de sus intereses, cuestiones t\u00e9cnicas y el desarrollo de sus visiones est\u00e9ticas. Un recorrido por su bibliograf\u00eda editada y sus \u00faltimos libros, Recital po\u00e9tico.<\/p>\n\n\n\n<p><strong>El Fondo Editorial Neuquino<\/strong>, creado por Ley Provincial 3164, tiene como objetivos matrices la promoci\u00f3n, difusi\u00f3n, desarrollo y fomento de la literatura que se realiza desde y en nuestra Provincia. Es por ello que participaremos con distintas propuestas para acompa\u00f1ar a la Comisi\u00f3n organizadora de la Feria Regional del Libro de San Mart\u00edn de los Andes, sus editoriales, librer\u00edas (declaradas de inter\u00e9s por configurarse como espacios culturales) y Bibliotecas Populares. Acompa\u00f1ar los proyectos de promoci\u00f3n de la lectura y la escritura de cada localidad es imperativo para esta nueva etapa del FEN.<\/p>\n","protected":false},"excerpt":{"rendered":"<p>Mi\u00e9rcoles 13 a las 21hs &#8211; Auditorio Sala Chapitel Organiza: Ministerio de las Culturas de la Provincia del Neuqu\u00e9n. Este querido ciclo, organizado por el Ministerio de las Culturas durante cinco a\u00f1os, ha llevado adelante 57 encuentros alrededor de la obra publicada por autores y autoras de nuestra regi\u00f3n literaria, celebrando la presentaci\u00f3n de libros, de editoriales, recitales de lecturas, entrevistas a referentes de la &hellip; <a href=\"https:\/\/cultura.sma.gob.ar\/?p=2373\" class=\"more-link\">Continue reading <span class=\"screen-reader-text\">Transmisi\u00f3n en vivo para toda la provincia del ciclo literario &#8220;El viento nos amontona&#8221;<\/span><\/a><\/p>\n","protected":false},"author":1,"featured_media":296,"comment_status":"closed","ping_status":"","sticky":false,"template":"","format":"image","meta":{"footnotes":""},"categories":[3,9],"tags":[67],"class_list":["post-2373","post","type-post","status-publish","format-image","has-post-thumbnail","hentry","category-eventos-cultura","category-ultimas-noticias","tag-feria-del-libro","post_format-post-format-image"],"_links":{"self":[{"href":"https:\/\/cultura.sma.gob.ar\/index.php?rest_route=\/wp\/v2\/posts\/2373","targetHints":{"allow":["GET"]}}],"collection":[{"href":"https:\/\/cultura.sma.gob.ar\/index.php?rest_route=\/wp\/v2\/posts"}],"about":[{"href":"https:\/\/cultura.sma.gob.ar\/index.php?rest_route=\/wp\/v2\/types\/post"}],"author":[{"embeddable":true,"href":"https:\/\/cultura.sma.gob.ar\/index.php?rest_route=\/wp\/v2\/users\/1"}],"replies":[{"embeddable":true,"href":"https:\/\/cultura.sma.gob.ar\/index.php?rest_route=%2Fwp%2Fv2%2Fcomments&post=2373"}],"version-history":[{"count":3,"href":"https:\/\/cultura.sma.gob.ar\/index.php?rest_route=\/wp\/v2\/posts\/2373\/revisions"}],"predecessor-version":[{"id":2508,"href":"https:\/\/cultura.sma.gob.ar\/index.php?rest_route=\/wp\/v2\/posts\/2373\/revisions\/2508"}],"wp:featuredmedia":[{"embeddable":true,"href":"https:\/\/cultura.sma.gob.ar\/index.php?rest_route=\/wp\/v2\/media\/296"}],"wp:attachment":[{"href":"https:\/\/cultura.sma.gob.ar\/index.php?rest_route=%2Fwp%2Fv2%2Fmedia&parent=2373"}],"wp:term":[{"taxonomy":"category","embeddable":true,"href":"https:\/\/cultura.sma.gob.ar\/index.php?rest_route=%2Fwp%2Fv2%2Fcategories&post=2373"},{"taxonomy":"post_tag","embeddable":true,"href":"https:\/\/cultura.sma.gob.ar\/index.php?rest_route=%2Fwp%2Fv2%2Ftags&post=2373"}],"curies":[{"name":"wp","href":"https:\/\/api.w.org\/{rel}","templated":true}]}}