{"id":2370,"date":"2021-10-05T12:04:39","date_gmt":"2021-10-05T15:04:39","guid":{"rendered":"http:\/\/cultura.sma.gob.ar\/?p=2370"},"modified":"2021-10-05T12:04:39","modified_gmt":"2021-10-05T15:04:39","slug":"el-fondo-editorial-neuquino-presenta-sus-actividades-2020-2021","status":"publish","type":"post","link":"https:\/\/cultura.sma.gob.ar\/?p=2370","title":{"rendered":"El Fondo Editorial Neuquino presenta sus actividades 2020\/2021"},"content":{"rendered":"\n<h4 class=\"wp-block-heading\">Martes 12 de octubre, a las 20hs &#8211; Auditorio Sala Chapitel<\/h4>\n\n\n\n<p>Socializaci\u00f3n de las actividades del Fondo Editorial, Foro Provincial de las Letras Comicios FEN, conformaci\u00f3n efectiva de la Comisi\u00f3n Directiva, Reglamentaci\u00f3n del cuerpo colegiado, Dise\u00f1o de la Marca identitaria y el manual de aplicaciones del logo FEN; devenires de la publicaci\u00f3n anual patrimonial. Fundamentos, acciones y avances de la Convocatoria 2021 para escritores y escritoras de la Provincia para Poes\u00eda y Narrativa para Infancias. Conclusiones y aportes a partir de la primera experiencia de talleres de Edici\u00f3n colaborativa entre narradores y narradoras con referentes de LIJ.Proyecciones y anuncios.<\/p>\n\n\n\n<p>La presentaci\u00f3n estar\u00e1 a cargo de la Directora del Fondo Editorial Neuquino, Prof,Carina Rita Medina y en representaci\u00f3n de la Comisi\u00f3n Directiva la Primera Vocal titular la escritora Graciela Rend\u00f3n.<\/p>\n","protected":false},"excerpt":{"rendered":"<p>Martes 12 de octubre, a las 20hs &#8211; Auditorio Sala Chapitel Socializaci\u00f3n de las actividades del Fondo Editorial, Foro Provincial de las Letras Comicios FEN, conformaci\u00f3n efectiva de la Comisi\u00f3n Directiva, Reglamentaci\u00f3n del cuerpo colegiado, Dise\u00f1o de la Marca identitaria y el manual de aplicaciones del logo FEN; devenires de la publicaci\u00f3n anual patrimonial. Fundamentos, acciones y avances de la Convocatoria 2021 para escritores y &hellip; <a href=\"https:\/\/cultura.sma.gob.ar\/?p=2370\" class=\"more-link\">Continue reading <span class=\"screen-reader-text\">El Fondo Editorial Neuquino presenta sus actividades 2020\/2021<\/span><\/a><\/p>\n","protected":false},"author":1,"featured_media":296,"comment_status":"closed","ping_status":"","sticky":false,"template":"","format":"image","meta":{"footnotes":""},"categories":[3,9],"tags":[67],"class_list":["post-2370","post","type-post","status-publish","format-image","has-post-thumbnail","hentry","category-eventos-cultura","category-ultimas-noticias","tag-feria-del-libro","post_format-post-format-image"],"_links":{"self":[{"href":"https:\/\/cultura.sma.gob.ar\/index.php?rest_route=\/wp\/v2\/posts\/2370","targetHints":{"allow":["GET"]}}],"collection":[{"href":"https:\/\/cultura.sma.gob.ar\/index.php?rest_route=\/wp\/v2\/posts"}],"about":[{"href":"https:\/\/cultura.sma.gob.ar\/index.php?rest_route=\/wp\/v2\/types\/post"}],"author":[{"embeddable":true,"href":"https:\/\/cultura.sma.gob.ar\/index.php?rest_route=\/wp\/v2\/users\/1"}],"replies":[{"embeddable":true,"href":"https:\/\/cultura.sma.gob.ar\/index.php?rest_route=%2Fwp%2Fv2%2Fcomments&post=2370"}],"version-history":[{"count":2,"href":"https:\/\/cultura.sma.gob.ar\/index.php?rest_route=\/wp\/v2\/posts\/2370\/revisions"}],"predecessor-version":[{"id":2493,"href":"https:\/\/cultura.sma.gob.ar\/index.php?rest_route=\/wp\/v2\/posts\/2370\/revisions\/2493"}],"wp:featuredmedia":[{"embeddable":true,"href":"https:\/\/cultura.sma.gob.ar\/index.php?rest_route=\/wp\/v2\/media\/296"}],"wp:attachment":[{"href":"https:\/\/cultura.sma.gob.ar\/index.php?rest_route=%2Fwp%2Fv2%2Fmedia&parent=2370"}],"wp:term":[{"taxonomy":"category","embeddable":true,"href":"https:\/\/cultura.sma.gob.ar\/index.php?rest_route=%2Fwp%2Fv2%2Fcategories&post=2370"},{"taxonomy":"post_tag","embeddable":true,"href":"https:\/\/cultura.sma.gob.ar\/index.php?rest_route=%2Fwp%2Fv2%2Ftags&post=2370"}],"curies":[{"name":"wp","href":"https:\/\/api.w.org\/{rel}","templated":true}]}}