{"id":2364,"date":"2021-10-05T13:44:56","date_gmt":"2021-10-05T16:44:56","guid":{"rendered":"http:\/\/cultura.sma.gob.ar\/?p=2364"},"modified":"2021-10-05T13:44:56","modified_gmt":"2021-10-05T16:44:56","slug":"mesa-redonda-juventud-escritora","status":"publish","type":"post","link":"https:\/\/cultura.sma.gob.ar\/?p=2364","title":{"rendered":"Mesa redonda &#8211; Juventud escritora"},"content":{"rendered":"\n<h4 class=\"wp-block-heading\">Domingo 17 de octubre a las 16:30 &#8211; Auditorio Sala Chapitel<\/h4>\n\n\n\n<p>Organiza Nadia Quant.<br>Abierto a todo p\u00fablico.<\/p>\n\n\n\n<p>J\u00f3venes escritores locales y sus producciones literarias. Ser\u00e1 una actividad tipo conversatorio, en donde los diversos escritores locales podr\u00e1n intercambiar saberes, producciones y realizar lecturas de sus trabajos.<\/p>\n","protected":false},"excerpt":{"rendered":"<p>Domingo 17 de octubre a las 16:30 &#8211; Auditorio Sala Chapitel Organiza Nadia Quant.Abierto a todo p\u00fablico. J\u00f3venes escritores locales y sus producciones literarias. Ser\u00e1 una actividad tipo conversatorio, en donde los diversos escritores locales podr\u00e1n intercambiar saberes, producciones y realizar lecturas de sus trabajos. <a href=\"https:\/\/cultura.sma.gob.ar\/?p=2364\" class=\"more-link\">Continue reading <span class=\"screen-reader-text\">Mesa redonda &#8211; Juventud escritora<\/span><\/a><\/p>\n","protected":false},"author":1,"featured_media":296,"comment_status":"closed","ping_status":"","sticky":false,"template":"","format":"image","meta":{"footnotes":""},"categories":[3,9],"tags":[67],"class_list":["post-2364","post","type-post","status-publish","format-image","has-post-thumbnail","hentry","category-eventos-cultura","category-ultimas-noticias","tag-feria-del-libro","post_format-post-format-image"],"_links":{"self":[{"href":"https:\/\/cultura.sma.gob.ar\/index.php?rest_route=\/wp\/v2\/posts\/2364","targetHints":{"allow":["GET"]}}],"collection":[{"href":"https:\/\/cultura.sma.gob.ar\/index.php?rest_route=\/wp\/v2\/posts"}],"about":[{"href":"https:\/\/cultura.sma.gob.ar\/index.php?rest_route=\/wp\/v2\/types\/post"}],"author":[{"embeddable":true,"href":"https:\/\/cultura.sma.gob.ar\/index.php?rest_route=\/wp\/v2\/users\/1"}],"replies":[{"embeddable":true,"href":"https:\/\/cultura.sma.gob.ar\/index.php?rest_route=%2Fwp%2Fv2%2Fcomments&post=2364"}],"version-history":[{"count":2,"href":"https:\/\/cultura.sma.gob.ar\/index.php?rest_route=\/wp\/v2\/posts\/2364\/revisions"}],"predecessor-version":[{"id":2537,"href":"https:\/\/cultura.sma.gob.ar\/index.php?rest_route=\/wp\/v2\/posts\/2364\/revisions\/2537"}],"wp:featuredmedia":[{"embeddable":true,"href":"https:\/\/cultura.sma.gob.ar\/index.php?rest_route=\/wp\/v2\/media\/296"}],"wp:attachment":[{"href":"https:\/\/cultura.sma.gob.ar\/index.php?rest_route=%2Fwp%2Fv2%2Fmedia&parent=2364"}],"wp:term":[{"taxonomy":"category","embeddable":true,"href":"https:\/\/cultura.sma.gob.ar\/index.php?rest_route=%2Fwp%2Fv2%2Fcategories&post=2364"},{"taxonomy":"post_tag","embeddable":true,"href":"https:\/\/cultura.sma.gob.ar\/index.php?rest_route=%2Fwp%2Fv2%2Ftags&post=2364"}],"curies":[{"name":"wp","href":"https:\/\/api.w.org\/{rel}","templated":true}]}}