{"id":2362,"date":"2021-10-05T14:59:47","date_gmt":"2021-10-05T17:59:47","guid":{"rendered":"http:\/\/cultura.sma.gob.ar\/?p=2362"},"modified":"2021-10-05T14:59:47","modified_gmt":"2021-10-05T17:59:47","slug":"alejandra-higuera-la-publicacion-como-practica-artistica","status":"publish","type":"post","link":"https:\/\/cultura.sma.gob.ar\/?p=2362","title":{"rendered":"Alejandra Higuera &#8211; &#8220;La publicaci\u00f3n como pr\u00e1ctica art\u00edstica&#8221;"},"content":{"rendered":"\n<h4 class=\"wp-block-heading\">S\u00e1bado 16 de octubre a las 11:30hs &#8211; Teatro San Jos\u00e9<\/h4>\n\n\n\n<p>P\u00fablico: J\u00f3venes y Adultos: artistas, dibujantes, ilustradores, fot\u00f3grafos interesados en editar y publicar su propio material.<\/p>\n\n\n\n<p>Fanzines, publicaciones gr\u00e1ficas artesanales y otros formatos en risograf\u00eda.<\/p>\n\n\n\n<p>Se realizar\u00e1 un encuentro expositivo donde hablaremos acerca de procesos de autopublicaci\u00f3n en peque\u00f1as ediciones de fanzines, publicaciones gr\u00e1ficas y otros formatos de tiradas cortas. Haremos foco en la impresi\u00f3n de tipo risogr\u00e1fica, m\u00e1quina con la que contamos y desde donde publicamos de forma artesanal e independiente.<\/p>\n\n\n\n<p><strong>Alejandra Higuera<\/strong> es artista visual y fot\u00f3grafa. Actualmente reside en San Mart\u00edn de los Andes. Desde su peque\u00f1a editorial \u201dTINTAL\u201d explora la risograf\u00eda, un proceso de impresi\u00f3n altamente anal\u00f3gico, para publicar fanzines, fotolibros y otros formatos de publicaci\u00f3n artesanal.<\/p>\n","protected":false},"excerpt":{"rendered":"<p>S\u00e1bado 16 de octubre a las 11:30hs &#8211; Teatro San Jos\u00e9 P\u00fablico: J\u00f3venes y Adultos: artistas, dibujantes, ilustradores, fot\u00f3grafos interesados en editar y publicar su propio material. Fanzines, publicaciones gr\u00e1ficas artesanales y otros formatos en risograf\u00eda. Se realizar\u00e1 un encuentro expositivo donde hablaremos acerca de procesos de autopublicaci\u00f3n en peque\u00f1as ediciones de fanzines, publicaciones gr\u00e1ficas y otros formatos de tiradas cortas. Haremos foco en la &hellip; <a href=\"https:\/\/cultura.sma.gob.ar\/?p=2362\" class=\"more-link\">Continue reading <span class=\"screen-reader-text\">Alejandra Higuera &#8211; &#8220;La publicaci\u00f3n como pr\u00e1ctica art\u00edstica&#8221;<\/span><\/a><\/p>\n","protected":false},"author":1,"featured_media":296,"comment_status":"closed","ping_status":"","sticky":false,"template":"","format":"image","meta":{"footnotes":""},"categories":[3,9],"tags":[67],"class_list":["post-2362","post","type-post","status-publish","format-image","has-post-thumbnail","hentry","category-eventos-cultura","category-ultimas-noticias","tag-feria-del-libro","post_format-post-format-image"],"_links":{"self":[{"href":"https:\/\/cultura.sma.gob.ar\/index.php?rest_route=\/wp\/v2\/posts\/2362","targetHints":{"allow":["GET"]}}],"collection":[{"href":"https:\/\/cultura.sma.gob.ar\/index.php?rest_route=\/wp\/v2\/posts"}],"about":[{"href":"https:\/\/cultura.sma.gob.ar\/index.php?rest_route=\/wp\/v2\/types\/post"}],"author":[{"embeddable":true,"href":"https:\/\/cultura.sma.gob.ar\/index.php?rest_route=\/wp\/v2\/users\/1"}],"replies":[{"embeddable":true,"href":"https:\/\/cultura.sma.gob.ar\/index.php?rest_route=%2Fwp%2Fv2%2Fcomments&post=2362"}],"version-history":[{"count":2,"href":"https:\/\/cultura.sma.gob.ar\/index.php?rest_route=\/wp\/v2\/posts\/2362\/revisions"}],"predecessor-version":[{"id":2570,"href":"https:\/\/cultura.sma.gob.ar\/index.php?rest_route=\/wp\/v2\/posts\/2362\/revisions\/2570"}],"wp:featuredmedia":[{"embeddable":true,"href":"https:\/\/cultura.sma.gob.ar\/index.php?rest_route=\/wp\/v2\/media\/296"}],"wp:attachment":[{"href":"https:\/\/cultura.sma.gob.ar\/index.php?rest_route=%2Fwp%2Fv2%2Fmedia&parent=2362"}],"wp:term":[{"taxonomy":"category","embeddable":true,"href":"https:\/\/cultura.sma.gob.ar\/index.php?rest_route=%2Fwp%2Fv2%2Fcategories&post=2362"},{"taxonomy":"post_tag","embeddable":true,"href":"https:\/\/cultura.sma.gob.ar\/index.php?rest_route=%2Fwp%2Fv2%2Ftags&post=2362"}],"curies":[{"name":"wp","href":"https:\/\/api.w.org\/{rel}","templated":true}]}}