{"id":2360,"date":"2021-10-05T14:14:57","date_gmt":"2021-10-05T17:14:57","guid":{"rendered":"http:\/\/cultura.sma.gob.ar\/?p=2360"},"modified":"2021-10-05T14:14:57","modified_gmt":"2021-10-05T17:14:57","slug":"francisco-maffeis-y-maria-rosa-maestretti-relato-ilustrado","status":"publish","type":"post","link":"https:\/\/cultura.sma.gob.ar\/?p=2360","title":{"rendered":"Francisco Maffeis y Mar\u00eda Rosa Maestretti &#8211; Relato Ilustrado"},"content":{"rendered":"\n<h4 class=\"wp-block-heading\">Lunes 11 de octubre, de 12 a 14hs &#8211; Auditorio Sala Chapitel<\/h4>\n\n\n\n<p>Modalidad taller &#8211; P\u00fablico infantil y juvenil<\/p>\n\n\n\n<p><strong>Abordar la ilustraci\u00f3n de relatos. Trabajaremos con cuentos y relatos de autores de la regi\u00f3n.<\/strong>&nbsp;<\/p>\n\n\n\n<p>Realizamos una iniciaci\u00f3n a la ilustraci\u00f3n de relatos en especial de autores locales.&nbsp; Nuestro objetivo es alimentar la inspiraci\u00f3n, reflexi\u00f3n y emocionalidad para entrar en el terreno creativo. Utilizaremos listado de palabras claves para definir la atm\u00f3sfera y la materializaci\u00f3n de personajes. Analizaremos el relato y practicaremos varias t\u00e9cnicas de representaci\u00f3n para plasmar de manera coherente y creativa el relato elegido.<\/p>\n\n\n\n<p>Maria Rosa Maestretti: Arquitecta y docente de arte por 25 a\u00f1os en Centro de Iniciaci\u00f3n Art\u00edstica.&nbsp;<\/p>\n\n\n\n<p>Francisco Maffeis: Dise\u00f1ador gr\u00e1fico, ilustrador y editor. Pronto a recibirse en Dise\u00f1o de la Comunicaci\u00f3n Visual por la FADU-UNL<\/p>\n","protected":false},"excerpt":{"rendered":"<p>Lunes 11 de octubre, de 12 a 14hs &#8211; Auditorio Sala Chapitel Modalidad taller &#8211; P\u00fablico infantil y juvenil Abordar la ilustraci\u00f3n de relatos. Trabajaremos con cuentos y relatos de autores de la regi\u00f3n.&nbsp; Realizamos una iniciaci\u00f3n a la ilustraci\u00f3n de relatos en especial de autores locales.&nbsp; Nuestro objetivo es alimentar la inspiraci\u00f3n, reflexi\u00f3n y emocionalidad para entrar en el terreno creativo. Utilizaremos listado de &hellip; <a href=\"https:\/\/cultura.sma.gob.ar\/?p=2360\" class=\"more-link\">Continue reading <span class=\"screen-reader-text\">Francisco Maffeis y Mar\u00eda Rosa Maestretti &#8211; Relato Ilustrado<\/span><\/a><\/p>\n","protected":false},"author":1,"featured_media":296,"comment_status":"closed","ping_status":"","sticky":false,"template":"","format":"image","meta":{"footnotes":""},"categories":[3,9],"tags":[67],"class_list":["post-2360","post","type-post","status-publish","format-image","has-post-thumbnail","hentry","category-eventos-cultura","category-ultimas-noticias","tag-feria-del-libro","post_format-post-format-image"],"_links":{"self":[{"href":"https:\/\/cultura.sma.gob.ar\/index.php?rest_route=\/wp\/v2\/posts\/2360","targetHints":{"allow":["GET"]}}],"collection":[{"href":"https:\/\/cultura.sma.gob.ar\/index.php?rest_route=\/wp\/v2\/posts"}],"about":[{"href":"https:\/\/cultura.sma.gob.ar\/index.php?rest_route=\/wp\/v2\/types\/post"}],"author":[{"embeddable":true,"href":"https:\/\/cultura.sma.gob.ar\/index.php?rest_route=\/wp\/v2\/users\/1"}],"replies":[{"embeddable":true,"href":"https:\/\/cultura.sma.gob.ar\/index.php?rest_route=%2Fwp%2Fv2%2Fcomments&post=2360"}],"version-history":[{"count":2,"href":"https:\/\/cultura.sma.gob.ar\/index.php?rest_route=\/wp\/v2\/posts\/2360\/revisions"}],"predecessor-version":[{"id":2550,"href":"https:\/\/cultura.sma.gob.ar\/index.php?rest_route=\/wp\/v2\/posts\/2360\/revisions\/2550"}],"wp:featuredmedia":[{"embeddable":true,"href":"https:\/\/cultura.sma.gob.ar\/index.php?rest_route=\/wp\/v2\/media\/296"}],"wp:attachment":[{"href":"https:\/\/cultura.sma.gob.ar\/index.php?rest_route=%2Fwp%2Fv2%2Fmedia&parent=2360"}],"wp:term":[{"taxonomy":"category","embeddable":true,"href":"https:\/\/cultura.sma.gob.ar\/index.php?rest_route=%2Fwp%2Fv2%2Fcategories&post=2360"},{"taxonomy":"post_tag","embeddable":true,"href":"https:\/\/cultura.sma.gob.ar\/index.php?rest_route=%2Fwp%2Fv2%2Ftags&post=2360"}],"curies":[{"name":"wp","href":"https:\/\/api.w.org\/{rel}","templated":true}]}}