{"id":2358,"date":"2021-10-05T12:54:00","date_gmt":"2021-10-05T15:54:00","guid":{"rendered":"http:\/\/cultura.sma.gob.ar\/?p=2358"},"modified":"2021-10-05T12:54:00","modified_gmt":"2021-10-05T15:54:00","slug":"marime-arancet-ruda-y-luciana-mellado-ciclo-rela","status":"publish","type":"post","link":"https:\/\/cultura.sma.gob.ar\/?p=2358","title":{"rendered":"Marim\u00e9 Arancet Ruda y Luciana Mellado &#8211; Ciclo RELA"},"content":{"rendered":"\n<h4 class=\"wp-block-heading\">Viernes 15 de octubre a las 18hs &#8211; Auditorio Sala Chapitel<\/h4>\n\n\n\n<p>Organiza: La Palestra Ediciones.<\/p>\n\n\n\n<p>P\u00fablico general, estudiantes del profesorado de Lengua y Literatura, docentes, bibliotecarios e interesados en la literatura argentina.\u00a0<\/p>\n\n\n\n<p>Se propone una mesa redonda que incluya una actividad de lectura en la modalidad taller.&nbsp; Se har\u00e1 una presentaci\u00f3n abierta de la Red Interuniversitaria de Estudios de Literatura Argentina. Dicha red nuclea docentes, investigadores y equipos que trabajan y estudian literatura argentina en distintas universidades del pa\u00eds.<\/p>\n\n\n\n<p><strong>Marim\u00e9 Arancet Ruda<\/strong>. Vive en Buenos Aires. Es poeta, investigadora y profesora universitaria. Investigadora del CONICET y titular de \u201cLiteratura Argentina II\u201d y del \u201cSeminario Permanente de Literatura Argentina\u201d en la UCA. Public\u00f3 las <em>plaquette\/libro-objeto<\/em> de poes\u00eda <em>De c\u00f3mo el mar entre orillas<\/em> <em>trae hojas del epistolario nunca escrito entre Iseo y Trist\u00e1n<\/em> (2008) y <em>detr\u00e1s de los vidrios negros<\/em> (2010); los poemarios <em>Cantos de Clytemnestra<\/em> (2012); <em>Elegia Filiae<\/em> (2013), que contiene la <em>plaquette<\/em> ampliada <em>detr\u00e1s de los vidrios negros;<\/em> <em>Elaboratorio<\/em> (2014) e <em>Y fue Troya<\/em> (2015). Su poes\u00eda fue traducida al italiano y est\u00e1 incluida en distintas antolog\u00edas de su pa\u00eds y del extranjero. Es integrante de la Red Interuniversitaria de Estudios de Literaturas de la Argentina.&nbsp;<\/p>\n\n\n\n<p><strong>Luciana A. Mellado<\/strong>. Vive en Comodoro Rivadavia. Poeta, docente e investigadora universitaria. Trabaja en la UNPSJB. Dict\u00f3 conferencias y lecturas de poes\u00eda en distintas ciudades de Argentina, Chile, Espa\u00f1a y Alemania. En poes\u00eda, public\u00f3: El coloquio de las plantas (2021), Animales peque\u00f1os (2014), El agua que tiembla (2012); Aqu\u00ed no vive nadie (2010); Crujir el habla (2008); y Las ni\u00f1as del espejo (2006). Como compiladora, edit\u00f3 Patagonia literaria VI (2019) y La Patagonia habitada (2019), entre otros libros. Como cr\u00edtica, public\u00f3 Cartograf\u00edas literarias de la Patagonia en la narrativa argentina (2015) y Lecturas descentradas (2018), entre otros t\u00edtulos. Fue becaria de la AECI (2000), del FNA (2006, 2008, 2009, 2011) y de la Red Patagonia con sede en la Friedrich Schiller Universit\u00e4t (2015-2018). Integra la RELA, cuya coordinaci\u00f3n asumi\u00f3 por el bienio 2021-2023.&nbsp;<\/p>\n","protected":false},"excerpt":{"rendered":"<p>Viernes 15 de octubre a las 18hs &#8211; Auditorio Sala Chapitel Organiza: La Palestra Ediciones. P\u00fablico general, estudiantes del profesorado de Lengua y Literatura, docentes, bibliotecarios e interesados en la literatura argentina.\u00a0 Se propone una mesa redonda que incluya una actividad de lectura en la modalidad taller.&nbsp; Se har\u00e1 una presentaci\u00f3n abierta de la Red Interuniversitaria de Estudios de Literatura Argentina. Dicha red nuclea docentes, &hellip; <a href=\"https:\/\/cultura.sma.gob.ar\/?p=2358\" class=\"more-link\">Continue reading <span class=\"screen-reader-text\">Marim\u00e9 Arancet Ruda y Luciana Mellado &#8211; Ciclo RELA<\/span><\/a><\/p>\n","protected":false},"author":1,"featured_media":296,"comment_status":"closed","ping_status":"","sticky":false,"template":"","format":"image","meta":{"footnotes":""},"categories":[3,9],"tags":[67],"class_list":["post-2358","post","type-post","status-publish","format-image","has-post-thumbnail","hentry","category-eventos-cultura","category-ultimas-noticias","tag-feria-del-libro","post_format-post-format-image"],"_links":{"self":[{"href":"https:\/\/cultura.sma.gob.ar\/index.php?rest_route=\/wp\/v2\/posts\/2358","targetHints":{"allow":["GET"]}}],"collection":[{"href":"https:\/\/cultura.sma.gob.ar\/index.php?rest_route=\/wp\/v2\/posts"}],"about":[{"href":"https:\/\/cultura.sma.gob.ar\/index.php?rest_route=\/wp\/v2\/types\/post"}],"author":[{"embeddable":true,"href":"https:\/\/cultura.sma.gob.ar\/index.php?rest_route=\/wp\/v2\/users\/1"}],"replies":[{"embeddable":true,"href":"https:\/\/cultura.sma.gob.ar\/index.php?rest_route=%2Fwp%2Fv2%2Fcomments&post=2358"}],"version-history":[{"count":2,"href":"https:\/\/cultura.sma.gob.ar\/index.php?rest_route=\/wp\/v2\/posts\/2358\/revisions"}],"predecessor-version":[{"id":2519,"href":"https:\/\/cultura.sma.gob.ar\/index.php?rest_route=\/wp\/v2\/posts\/2358\/revisions\/2519"}],"wp:featuredmedia":[{"embeddable":true,"href":"https:\/\/cultura.sma.gob.ar\/index.php?rest_route=\/wp\/v2\/media\/296"}],"wp:attachment":[{"href":"https:\/\/cultura.sma.gob.ar\/index.php?rest_route=%2Fwp%2Fv2%2Fmedia&parent=2358"}],"wp:term":[{"taxonomy":"category","embeddable":true,"href":"https:\/\/cultura.sma.gob.ar\/index.php?rest_route=%2Fwp%2Fv2%2Fcategories&post=2358"},{"taxonomy":"post_tag","embeddable":true,"href":"https:\/\/cultura.sma.gob.ar\/index.php?rest_route=%2Fwp%2Fv2%2Ftags&post=2358"}],"curies":[{"name":"wp","href":"https:\/\/api.w.org\/{rel}","templated":true}]}}