{"id":2356,"date":"2021-10-05T12:20:00","date_gmt":"2021-10-05T15:20:00","guid":{"rendered":"http:\/\/cultura.sma.gob.ar\/?p=2356"},"modified":"2021-10-05T12:20:00","modified_gmt":"2021-10-05T15:20:00","slug":"museo-maritimo-de-ushuaia-visita-virtual","status":"publish","type":"post","link":"https:\/\/cultura.sma.gob.ar\/?p=2356","title":{"rendered":"Museo Mar\u00edtimo de Ushuaia &#8211; Visita Virtual"},"content":{"rendered":"\n<h4 class=\"wp-block-heading\">Mi\u00e9rcoles 13 de octubre a las 17hs &#8211; Auditorio Sala Chapitel<\/h4>\n\n\n\n<p>Organiza: Museo Mar\u00edtimo de Ushuaia <\/p>\n\n\n\n<p>Conversatorio hist\u00f3rico testimonial. Actividad semi presencial v\u00eda zoom. <\/p>\n\n\n\n<p>La visita ser\u00e1 al Museo del Presidio, uno de los 5 museos del complejo. Aprenderemos sobre la historia del m\u00edtico Presidio de Ushuaia, conocido como la C\u00e1rcel del Fin del Mundo y conoceremos historias de los presos m\u00e1s famosos que habitaron sus celdasMostrar texto citado<\/p>\n","protected":false},"excerpt":{"rendered":"<p>Mi\u00e9rcoles 13 de octubre a las 17hs &#8211; Auditorio Sala Chapitel Organiza: Museo Mar\u00edtimo de Ushuaia Conversatorio hist\u00f3rico testimonial. Actividad semi presencial v\u00eda zoom. La visita ser\u00e1 al Museo del Presidio, uno de los 5 museos del complejo. Aprenderemos sobre la historia del m\u00edtico Presidio de Ushuaia, conocido como la C\u00e1rcel del Fin del Mundo y conoceremos historias de los presos m\u00e1s famosos que habitaron &hellip; <a href=\"https:\/\/cultura.sma.gob.ar\/?p=2356\" class=\"more-link\">Continue reading <span class=\"screen-reader-text\">Museo Mar\u00edtimo de Ushuaia &#8211; Visita Virtual<\/span><\/a><\/p>\n","protected":false},"author":1,"featured_media":296,"comment_status":"closed","ping_status":"","sticky":false,"template":"","format":"image","meta":{"footnotes":""},"categories":[3,9],"tags":[67],"class_list":["post-2356","post","type-post","status-publish","format-image","has-post-thumbnail","hentry","category-eventos-cultura","category-ultimas-noticias","tag-feria-del-libro","post_format-post-format-image"],"_links":{"self":[{"href":"https:\/\/cultura.sma.gob.ar\/index.php?rest_route=\/wp\/v2\/posts\/2356","targetHints":{"allow":["GET"]}}],"collection":[{"href":"https:\/\/cultura.sma.gob.ar\/index.php?rest_route=\/wp\/v2\/posts"}],"about":[{"href":"https:\/\/cultura.sma.gob.ar\/index.php?rest_route=\/wp\/v2\/types\/post"}],"author":[{"embeddable":true,"href":"https:\/\/cultura.sma.gob.ar\/index.php?rest_route=\/wp\/v2\/users\/1"}],"replies":[{"embeddable":true,"href":"https:\/\/cultura.sma.gob.ar\/index.php?rest_route=%2Fwp%2Fv2%2Fcomments&post=2356"}],"version-history":[{"count":2,"href":"https:\/\/cultura.sma.gob.ar\/index.php?rest_route=\/wp\/v2\/posts\/2356\/revisions"}],"predecessor-version":[{"id":2500,"href":"https:\/\/cultura.sma.gob.ar\/index.php?rest_route=\/wp\/v2\/posts\/2356\/revisions\/2500"}],"wp:featuredmedia":[{"embeddable":true,"href":"https:\/\/cultura.sma.gob.ar\/index.php?rest_route=\/wp\/v2\/media\/296"}],"wp:attachment":[{"href":"https:\/\/cultura.sma.gob.ar\/index.php?rest_route=%2Fwp%2Fv2%2Fmedia&parent=2356"}],"wp:term":[{"taxonomy":"category","embeddable":true,"href":"https:\/\/cultura.sma.gob.ar\/index.php?rest_route=%2Fwp%2Fv2%2Fcategories&post=2356"},{"taxonomy":"post_tag","embeddable":true,"href":"https:\/\/cultura.sma.gob.ar\/index.php?rest_route=%2Fwp%2Fv2%2Ftags&post=2356"}],"curies":[{"name":"wp","href":"https:\/\/api.w.org\/{rel}","templated":true}]}}