{"id":2354,"date":"2021-10-05T13:37:28","date_gmt":"2021-10-05T16:37:28","guid":{"rendered":"http:\/\/cultura.sma.gob.ar\/?p=2354"},"modified":"2021-10-05T13:37:28","modified_gmt":"2021-10-05T16:37:28","slug":"pedro-monzo-la-musica-de-las-palabras","status":"publish","type":"post","link":"https:\/\/cultura.sma.gob.ar\/?p=2354","title":{"rendered":"Pedro Monzo &#8211; &#8220;La m\u00fasica de las palabras&#8221;"},"content":{"rendered":"\n<h4 class=\"wp-block-heading\">S\u00e1bado 16 de octubre a las 19hs &#8211; Auditorio Sala Chapitel<\/h4>\n\n\n\n<p><strong>Todo p\u00fablico<\/strong><\/p>\n\n\n\n<p>Indagaci\u00f3n sonora acerca de la musicalidad de los libros y relatos.<\/p>\n\n\n\n<p>Con guitarra y sonoridades electronicas a partir de grabaciones de campo se generan climas a partir de relatos, poes\u00edas, citas y palabras leidas, recitadas, casi cantadas. Buscando la Musica de las Palabras, el universo sonoro de lo que leemos. Remite a la biograf\u00eda de libros propia, naufragando en frases del mar de libros que nos acompa\u00f1an desde la ni\u00f1ez con los primeros cuentos hasta las largas novelas de la adultez.<\/p>\n\n\n\n<p><strong>Pedro Monzo<\/strong>: Compositor graduado en el Conservatorio Manuel de Falla. M\u00fasico Multi-instrumentista. Crea y edita en su estudio m\u00fasica ac\u00fastica y electr\u00f3nica para pel\u00edculas, teatro y espacios art\u00edsticos como instalaciones y muestras.<\/p>\n\n\n\n<p>Su formaci\u00f3n es cl\u00e1sica, pero a la vez se desempe\u00f1a desde una perspectiva experimental y no convencional, mediante la exploraci\u00f3n y resignificaci\u00f3n de los materiales y los medios, lo cual resulta muy eficaz a la hora de crear m\u00fasica incidental, traduciendo im\u00e1genes abstractas e ideas en notas musicales.<\/p>\n","protected":false},"excerpt":{"rendered":"<p>S\u00e1bado 16 de octubre a las 19hs &#8211; Auditorio Sala Chapitel Todo p\u00fablico Indagaci\u00f3n sonora acerca de la musicalidad de los libros y relatos. Con guitarra y sonoridades electronicas a partir de grabaciones de campo se generan climas a partir de relatos, poes\u00edas, citas y palabras leidas, recitadas, casi cantadas. Buscando la Musica de las Palabras, el universo sonoro de lo que leemos. Remite a &hellip; <a href=\"https:\/\/cultura.sma.gob.ar\/?p=2354\" class=\"more-link\">Continue reading <span class=\"screen-reader-text\">Pedro Monzo &#8211; &#8220;La m\u00fasica de las palabras&#8221;<\/span><\/a><\/p>\n","protected":false},"author":1,"featured_media":296,"comment_status":"closed","ping_status":"","sticky":false,"template":"","format":"image","meta":{"footnotes":""},"categories":[3,9],"tags":[67],"class_list":["post-2354","post","type-post","status-publish","format-image","has-post-thumbnail","hentry","category-eventos-cultura","category-ultimas-noticias","tag-feria-del-libro","post_format-post-format-image"],"_links":{"self":[{"href":"https:\/\/cultura.sma.gob.ar\/index.php?rest_route=\/wp\/v2\/posts\/2354","targetHints":{"allow":["GET"]}}],"collection":[{"href":"https:\/\/cultura.sma.gob.ar\/index.php?rest_route=\/wp\/v2\/posts"}],"about":[{"href":"https:\/\/cultura.sma.gob.ar\/index.php?rest_route=\/wp\/v2\/types\/post"}],"author":[{"embeddable":true,"href":"https:\/\/cultura.sma.gob.ar\/index.php?rest_route=\/wp\/v2\/users\/1"}],"replies":[{"embeddable":true,"href":"https:\/\/cultura.sma.gob.ar\/index.php?rest_route=%2Fwp%2Fv2%2Fcomments&post=2354"}],"version-history":[{"count":2,"href":"https:\/\/cultura.sma.gob.ar\/index.php?rest_route=\/wp\/v2\/posts\/2354\/revisions"}],"predecessor-version":[{"id":2532,"href":"https:\/\/cultura.sma.gob.ar\/index.php?rest_route=\/wp\/v2\/posts\/2354\/revisions\/2532"}],"wp:featuredmedia":[{"embeddable":true,"href":"https:\/\/cultura.sma.gob.ar\/index.php?rest_route=\/wp\/v2\/media\/296"}],"wp:attachment":[{"href":"https:\/\/cultura.sma.gob.ar\/index.php?rest_route=%2Fwp%2Fv2%2Fmedia&parent=2354"}],"wp:term":[{"taxonomy":"category","embeddable":true,"href":"https:\/\/cultura.sma.gob.ar\/index.php?rest_route=%2Fwp%2Fv2%2Fcategories&post=2354"},{"taxonomy":"post_tag","embeddable":true,"href":"https:\/\/cultura.sma.gob.ar\/index.php?rest_route=%2Fwp%2Fv2%2Ftags&post=2354"}],"curies":[{"name":"wp","href":"https:\/\/api.w.org\/{rel}","templated":true}]}}