{"id":2350,"date":"2021-10-05T13:40:54","date_gmt":"2021-10-05T16:40:54","guid":{"rendered":"http:\/\/cultura.sma.gob.ar\/?p=2350"},"modified":"2021-10-05T13:40:54","modified_gmt":"2021-10-05T16:40:54","slug":"pena-literaria-varios-autores","status":"publish","type":"post","link":"https:\/\/cultura.sma.gob.ar\/?p=2350","title":{"rendered":"Pe\u00f1a literaria &#8211; varios autores"},"content":{"rendered":"\n<h4 class=\"wp-block-heading\">S\u00e1bado 16 de octubre a las 21:30hs &#8211; Auditorio Sala Chapitel<\/h4>\n\n\n\n<p>Organiza: La Perla Libros SMA<\/p>\n\n\n\n<p>Actividad de lectura y circulaci\u00f3n de la palabra original.<\/p>\n\n\n\n<p>Actividad de micr\u00f3fono abierto para todas aquellas personas que quieran leer producciones propias o ajenas. Ronda de lectura al estilo Pe\u00f1a. Abierto a todo p\u00fablico y a todas las edades. El objetivo es compartir palabra, sin importar rango de edad o g\u00e9nero elegido. Con acompa\u00f1amiento musical.&nbsp;<\/p>\n","protected":false},"excerpt":{"rendered":"<p>S\u00e1bado 16 de octubre a las 21:30hs &#8211; Auditorio Sala Chapitel Organiza: La Perla Libros SMA Actividad de lectura y circulaci\u00f3n de la palabra original. Actividad de micr\u00f3fono abierto para todas aquellas personas que quieran leer producciones propias o ajenas. Ronda de lectura al estilo Pe\u00f1a. Abierto a todo p\u00fablico y a todas las edades. El objetivo es compartir palabra, sin importar rango de edad &hellip; <a href=\"https:\/\/cultura.sma.gob.ar\/?p=2350\" class=\"more-link\">Continue reading <span class=\"screen-reader-text\">Pe\u00f1a literaria &#8211; varios autores<\/span><\/a><\/p>\n","protected":false},"author":1,"featured_media":296,"comment_status":"closed","ping_status":"","sticky":false,"template":"","format":"image","meta":{"footnotes":""},"categories":[3,9],"tags":[67],"class_list":["post-2350","post","type-post","status-publish","format-image","has-post-thumbnail","hentry","category-eventos-cultura","category-ultimas-noticias","tag-feria-del-libro","post_format-post-format-image"],"_links":{"self":[{"href":"https:\/\/cultura.sma.gob.ar\/index.php?rest_route=\/wp\/v2\/posts\/2350","targetHints":{"allow":["GET"]}}],"collection":[{"href":"https:\/\/cultura.sma.gob.ar\/index.php?rest_route=\/wp\/v2\/posts"}],"about":[{"href":"https:\/\/cultura.sma.gob.ar\/index.php?rest_route=\/wp\/v2\/types\/post"}],"author":[{"embeddable":true,"href":"https:\/\/cultura.sma.gob.ar\/index.php?rest_route=\/wp\/v2\/users\/1"}],"replies":[{"embeddable":true,"href":"https:\/\/cultura.sma.gob.ar\/index.php?rest_route=%2Fwp%2Fv2%2Fcomments&post=2350"}],"version-history":[{"count":2,"href":"https:\/\/cultura.sma.gob.ar\/index.php?rest_route=\/wp\/v2\/posts\/2350\/revisions"}],"predecessor-version":[{"id":2535,"href":"https:\/\/cultura.sma.gob.ar\/index.php?rest_route=\/wp\/v2\/posts\/2350\/revisions\/2535"}],"wp:featuredmedia":[{"embeddable":true,"href":"https:\/\/cultura.sma.gob.ar\/index.php?rest_route=\/wp\/v2\/media\/296"}],"wp:attachment":[{"href":"https:\/\/cultura.sma.gob.ar\/index.php?rest_route=%2Fwp%2Fv2%2Fmedia&parent=2350"}],"wp:term":[{"taxonomy":"category","embeddable":true,"href":"https:\/\/cultura.sma.gob.ar\/index.php?rest_route=%2Fwp%2Fv2%2Fcategories&post=2350"},{"taxonomy":"post_tag","embeddable":true,"href":"https:\/\/cultura.sma.gob.ar\/index.php?rest_route=%2Fwp%2Fv2%2Ftags&post=2350"}],"curies":[{"name":"wp","href":"https:\/\/api.w.org\/{rel}","templated":true}]}}