{"id":2347,"date":"2021-10-05T14:35:32","date_gmt":"2021-10-05T17:35:32","guid":{"rendered":"http:\/\/cultura.sma.gob.ar\/?p=2347"},"modified":"2021-10-05T14:35:32","modified_gmt":"2021-10-05T17:35:32","slug":"maria-martha-paz-y-sabina-no-hilos-entre-caminos-y-secretos","status":"publish","type":"post","link":"https:\/\/cultura.sma.gob.ar\/?p=2347","title":{"rendered":"Mar\u00eda Martha Paz y Sabina N\u00f3 &#8211; &#8220;Hilos entre caminos y secretos&#8221;"},"content":{"rendered":"\n<h4 class=\"wp-block-heading\">Martes12 de octubre a las 18hs &#8211; BP 9 de Julio<\/h4>\n\n\n\n<p><strong>P\u00fablico: Docentes nivel Inicial y Primario, de grado y especiales,\u00a0 bibliotecarios, mediadores de lectura.<\/strong><\/p>\n\n\n\n<p>Todo libro \u00e1lbum potencia la imaginaci\u00f3n, la creatividad y el sentido cr\u00edtico. En \u201cUn camino y un secreto\u201d e \u201cHilos\u201d, palabra e imagen van de la mano a destiempo, invitando al lector a tomar un rol activo con el objeto de llenar o completar de sentido los silencios.&nbsp;<\/p>\n\n\n\n<p>Estos trabajos narran la experiencia que en forma interdisciplinaria realizaron una autora, una ilustradora, una dise\u00f1adora, docentes y alumnos en escuelas primarias p\u00fablicas y privadas, rurales y de la comunidad mapuce, de SMA y Buenos Aires.&nbsp;<\/p>\n\n\n\n<p>Mediante esta nueva versi\u00f3n de Hansel y Gretel en la nieve, en \u201cUn camino y un secreto\u201d exploraremos diversas creaciones art\u00edstico-literarias y pl\u00e1sticas que facilitaron la reflexi\u00f3n de los caminos recorridos hasta este presente y los secretos que todos tenemos guardados.&nbsp;<\/p>\n\n\n\n<p>Con \u201cHilos\u201d transitaremos diferentes tiempos y lugares, de una casa a otra, de un pa\u00eds a otro junto con un nieto y su mochila, y una Abuela y su valija. Hablaremos sobre lo que llevan y traen, sobre el rastro que dejamos en el ir y venir. Un hilo que une vivencias y experiencias para ser expresadas y expuestas en m\u00faltiples posibilidades de abordajes. Ambos libros fueron escritos, dise\u00f1ados y editados en la Patagonia.<\/p>\n\n\n\n<p><strong>Sabina N\u00f3<\/strong>. Maestra Nacional de Dibujo egresada de la Escuela de Bellas Artes M.Belgrano y Dise\u00f1adora Gr\u00e1fica (UBA) que naci\u00f3 en Bs. As. y vive en San Mart\u00edn de los Andes. Particip\u00f3 de la Noche de los Museos y realiz\u00f3 talleres de experimentaci\u00f3n pl\u00e1stica en el Museo Larreta donde adem\u00e1s fue dise\u00f1adora gr\u00e1fica durante 14 a\u00f1os. Dise\u00f1\u00f3 tambi\u00e9n los libros &#8220;Sue\u00f1os enredados&#8221;, seleccionado para el Plan Nacional de Lecturas e &#8220;Hilos&#8221; con ilustraciones de Ana Paula Luberti, y los libros \u00e1lbum &#8220;Un camino y un secreto&#8221; ilustrado por Carina Redi y &#8220;Du\u00e9rmete, Pichikeche&#8221; de la Colecci\u00f3n Todas las abuelas cantan a sus nietos con ilustraciones de la comunidad mapuche de Payla Menuco y un c\u00f3digo QR que reproduce nanas.<\/p>\n\n\n\n<p><strong>Mar\u00eda Martha Paz <\/strong>es docente biling\u00fce y escritora que estudi\u00f3 la carrera de<br>Letras en la UBA y vive en la Patagonia hace 17 a\u00f1os. Algunos de sus cuentos<br>recibieron premios en diferentes concursos y fueron publicados en Argentina,<br>Chile, M\u00e9xico y Per\u00fa. Sus poes\u00edas \u201cCaf\u00e9\u201d y \u201cHoy voy a ser normal\u201d fueron<br>traducidas al portugu\u00e9s en la UNCO. Public\u00f3 tres novelas con Ediciones de la<br>Grieta: \u201cC\u00edclopes del mar\u201d, \u201cElla sabe\u201d y \u201cSue\u00f1os enredados\u201d, esta \u00faltima<br>seleccionada para el Plan Nacional de Lecturas 2021. Particip\u00f3 de encuentros<br>literarios en Buenos Aires y la Patagonia argentina y chilena. Public\u00f3 tres<br>libros-\u00e1lbum con dise\u00f1o de Sabina N\u00f3: \u201cUn camino y un secreto\u201d con<br>ilustraciones de Carina Redi; \u201cHilos\u201d con ilustraciones de Ana Paula Luberti y<br>\u201cDu\u00e9rmete, pichikeche\u201d de la Colecci\u00f3n Todas las abuelas cantan a sus nietos,<br>con La Punta del ovillo, Editorial patag\u00f3nica para las Infancias, proyecto<br>ganador por la provincia de Neuqu\u00e9n de la beca del Concejo Federal de<br>Culturas 2021.<\/p>\n","protected":false},"excerpt":{"rendered":"<p>Martes12 de octubre a las 18hs &#8211; BP 9 de Julio P\u00fablico: Docentes nivel Inicial y Primario, de grado y especiales,\u00a0 bibliotecarios, mediadores de lectura. Todo libro \u00e1lbum potencia la imaginaci\u00f3n, la creatividad y el sentido cr\u00edtico. En \u201cUn camino y un secreto\u201d e \u201cHilos\u201d, palabra e imagen van de la mano a destiempo, invitando al lector a tomar un rol activo con el objeto &hellip; <a href=\"https:\/\/cultura.sma.gob.ar\/?p=2347\" class=\"more-link\">Continue reading <span class=\"screen-reader-text\">Mar\u00eda Martha Paz y Sabina N\u00f3 &#8211; &#8220;Hilos entre caminos y secretos&#8221;<\/span><\/a><\/p>\n","protected":false},"author":1,"featured_media":296,"comment_status":"closed","ping_status":"","sticky":false,"template":"","format":"image","meta":{"footnotes":""},"categories":[3,9],"tags":[67],"class_list":["post-2347","post","type-post","status-publish","format-image","has-post-thumbnail","hentry","category-eventos-cultura","category-ultimas-noticias","tag-feria-del-libro","post_format-post-format-image"],"_links":{"self":[{"href":"https:\/\/cultura.sma.gob.ar\/index.php?rest_route=\/wp\/v2\/posts\/2347","targetHints":{"allow":["GET"]}}],"collection":[{"href":"https:\/\/cultura.sma.gob.ar\/index.php?rest_route=\/wp\/v2\/posts"}],"about":[{"href":"https:\/\/cultura.sma.gob.ar\/index.php?rest_route=\/wp\/v2\/types\/post"}],"author":[{"embeddable":true,"href":"https:\/\/cultura.sma.gob.ar\/index.php?rest_route=\/wp\/v2\/users\/1"}],"replies":[{"embeddable":true,"href":"https:\/\/cultura.sma.gob.ar\/index.php?rest_route=%2Fwp%2Fv2%2Fcomments&post=2347"}],"version-history":[{"count":3,"href":"https:\/\/cultura.sma.gob.ar\/index.php?rest_route=\/wp\/v2\/posts\/2347\/revisions"}],"predecessor-version":[{"id":2558,"href":"https:\/\/cultura.sma.gob.ar\/index.php?rest_route=\/wp\/v2\/posts\/2347\/revisions\/2558"}],"wp:featuredmedia":[{"embeddable":true,"href":"https:\/\/cultura.sma.gob.ar\/index.php?rest_route=\/wp\/v2\/media\/296"}],"wp:attachment":[{"href":"https:\/\/cultura.sma.gob.ar\/index.php?rest_route=%2Fwp%2Fv2%2Fmedia&parent=2347"}],"wp:term":[{"taxonomy":"category","embeddable":true,"href":"https:\/\/cultura.sma.gob.ar\/index.php?rest_route=%2Fwp%2Fv2%2Fcategories&post=2347"},{"taxonomy":"post_tag","embeddable":true,"href":"https:\/\/cultura.sma.gob.ar\/index.php?rest_route=%2Fwp%2Fv2%2Ftags&post=2347"}],"curies":[{"name":"wp","href":"https:\/\/api.w.org\/{rel}","templated":true}]}}