{"id":2339,"date":"2021-10-05T12:13:44","date_gmt":"2021-10-05T15:13:44","guid":{"rendered":"http:\/\/cultura.sma.gob.ar\/?p=2339"},"modified":"2021-10-05T12:13:44","modified_gmt":"2021-10-05T15:13:44","slug":"dra-marta-rubin-la-mediacion-como-puente-autores-libros-literatura-y-lectores-la-lectura-literaria-en-el-centro-de-la-escena","status":"publish","type":"post","link":"https:\/\/cultura.sma.gob.ar\/?p=2339","title":{"rendered":"Dra. Marta Rubin &#8211; &#8220;La mediaci\u00f3n como puente. Autores, libros, literatura y lectores. La lectura literaria en el centro de la escena&#8221;"},"content":{"rendered":"\n<h4 class=\"wp-block-heading\">Mi\u00e9rcoles 13 de octubre a las 16:30hs &#8211; Auditorio Sala Chapitel<\/h4>\n\n\n\n<p>La promoci\u00f3n de la lectura es un \u00e1mbito en el que el concepto de mediaci\u00f3n se ha extendido hasta formar parte del lenguaje usado cotidianamente. En ocasiones se lo define en relaci\u00f3n con una situaci\u00f3n de conflicto o desajuste que es necesario superar.<\/p>\n\n\n\n<p>Cuando hablamos de mediaci\u00f3n lectora, ponemos el foco en un \u201cconflicto cultural\u201d como dice Reuter y ello visualiza las diferencias y lejan\u00edas que suelen caracterizar la relaci\u00f3n con el universo de lo escrito.<\/p>\n\n\n\n<p>Hablar de mediaci\u00f3n es en general hablar de aquellas acciones que se ponen en marcha para promocionar la pr\u00e1ctica cultural de la lectura. Lo importante de destacar, cuando abordamos la noci\u00f3n de mediaci\u00f3n de la lectura literaria, en palabras de Michele Petit y Reuter, es entender que lo interesante es sobre todo \u201clos modos de realizaci\u00f3n y sus interacciones\u201d entre el texto, el lector y la lectura. Esas interacciones est\u00e1n mediatizadas por m\u00faltiples factores sociales, familiares, escolares y aspectos emocionales, afectivos, relacionados con el acceso al mundo letrado que es necesario tener en cuenta para la pr\u00e1ctica mediadora<\/p>\n\n\n\n<p>No basta con crear condiciones de acceso material al libro, no es suficiente, la mediaci\u00f3n implica la construcci\u00f3n de puentes para que el acercamiento se logre y se recree permanentemente.<\/p>\n\n\n\n<p><strong>Marta Rubin<\/strong>: Docente e investigadora. Cuenta con una amplia trayectoria en el campo de la educaci\u00f3n. Es Doctora en Ciencias de la Educaci\u00f3n y Letras por la Universidad de Sevilla. Especialista en Investigaci\u00f3n Educativa. Profesora en Ciencias del Lenguaje y Comunicaci\u00f3n Social. Profesora para la Ense\u00f1anza primaria. Diplomada Superior en Ciencias Sociales con orientaci\u00f3n en Curr\u00edculum y Pr\u00e1cticas Escolares Situadas. Especialista en Lectura, Escritura y Educaci\u00f3n (FLACSO). Escribi\u00f3 y escribe material bibliogr\u00e1fico, art\u00edculos publicados en revistas especializadas, material de capacitaci\u00f3n docente continua, ensayos, art\u00edculos de divulgaci\u00f3n e informes de investigaci\u00f3n. Desde el 2005 integra equipos de gesti\u00f3n, conducci\u00f3n y asesoramiento en el Ministerio de Educaci\u00f3n y el Consejo Provincial de Educaci\u00f3n de Neuqu\u00e9n. Referente del plan nacional de lectura (hasta el 2008), coordinadora de investigaci\u00f3n y extensi\u00f3n en la formaci\u00f3n superior. Actualmente se desempe\u00f1a como Coordinadora de Post\u00edtulos y de los Trayectos de Fortalecimiento Pedag\u00f3gico en el marco de la Direcci\u00f3n Provincial de Nivel Superior, como Profesora de Did\u00e1ctica General y pr\u00e1ctica docente. Se desempe\u00f1a como docente investigadora de Grupos de Investigaci\u00f3n H U M &nbsp; 9 7 8. Universidad de Sevilla) y es miembro de la CAN (Comisi\u00f3n Asesora Nacional) del Ministerio de Educaci\u00f3n de la Naci\u00f3n en el marco del Plan Nacional de Lectura.<\/p>\n","protected":false},"excerpt":{"rendered":"<p>Mi\u00e9rcoles 13 de octubre a las 16:30hs &#8211; Auditorio Sala Chapitel La promoci\u00f3n de la lectura es un \u00e1mbito en el que el concepto de mediaci\u00f3n se ha extendido hasta formar parte del lenguaje usado cotidianamente. En ocasiones se lo define en relaci\u00f3n con una situaci\u00f3n de conflicto o desajuste que es necesario superar. Cuando hablamos de mediaci\u00f3n lectora, ponemos el foco en un \u201cconflicto &hellip; <a href=\"https:\/\/cultura.sma.gob.ar\/?p=2339\" class=\"more-link\">Continue reading <span class=\"screen-reader-text\">Dra. Marta Rubin &#8211; &#8220;La mediaci\u00f3n como puente. Autores, libros, literatura y lectores. La lectura literaria en el centro de la escena&#8221;<\/span><\/a><\/p>\n","protected":false},"author":1,"featured_media":296,"comment_status":"closed","ping_status":"","sticky":false,"template":"","format":"image","meta":{"footnotes":""},"categories":[3,9],"tags":[67],"class_list":["post-2339","post","type-post","status-publish","format-image","has-post-thumbnail","hentry","category-eventos-cultura","category-ultimas-noticias","tag-feria-del-libro","post_format-post-format-image"],"_links":{"self":[{"href":"https:\/\/cultura.sma.gob.ar\/index.php?rest_route=\/wp\/v2\/posts\/2339","targetHints":{"allow":["GET"]}}],"collection":[{"href":"https:\/\/cultura.sma.gob.ar\/index.php?rest_route=\/wp\/v2\/posts"}],"about":[{"href":"https:\/\/cultura.sma.gob.ar\/index.php?rest_route=\/wp\/v2\/types\/post"}],"author":[{"embeddable":true,"href":"https:\/\/cultura.sma.gob.ar\/index.php?rest_route=\/wp\/v2\/users\/1"}],"replies":[{"embeddable":true,"href":"https:\/\/cultura.sma.gob.ar\/index.php?rest_route=%2Fwp%2Fv2%2Fcomments&post=2339"}],"version-history":[{"count":2,"href":"https:\/\/cultura.sma.gob.ar\/index.php?rest_route=\/wp\/v2\/posts\/2339\/revisions"}],"predecessor-version":[{"id":2498,"href":"https:\/\/cultura.sma.gob.ar\/index.php?rest_route=\/wp\/v2\/posts\/2339\/revisions\/2498"}],"wp:featuredmedia":[{"embeddable":true,"href":"https:\/\/cultura.sma.gob.ar\/index.php?rest_route=\/wp\/v2\/media\/296"}],"wp:attachment":[{"href":"https:\/\/cultura.sma.gob.ar\/index.php?rest_route=%2Fwp%2Fv2%2Fmedia&parent=2339"}],"wp:term":[{"taxonomy":"category","embeddable":true,"href":"https:\/\/cultura.sma.gob.ar\/index.php?rest_route=%2Fwp%2Fv2%2Fcategories&post=2339"},{"taxonomy":"post_tag","embeddable":true,"href":"https:\/\/cultura.sma.gob.ar\/index.php?rest_route=%2Fwp%2Fv2%2Ftags&post=2339"}],"curies":[{"name":"wp","href":"https:\/\/api.w.org\/{rel}","templated":true}]}}