{"id":2335,"date":"2021-10-05T11:39:34","date_gmt":"2021-10-05T14:39:34","guid":{"rendered":"http:\/\/cultura.sma.gob.ar\/?p=2335"},"modified":"2021-10-05T11:39:34","modified_gmt":"2021-10-05T14:39:34","slug":"beatriz-kreitman-libre-no-valiente","status":"publish","type":"post","link":"https:\/\/cultura.sma.gob.ar\/?p=2335","title":{"rendered":"Beatriz Kreitman &#8211; &#8220;Libre no valiente&#8221;"},"content":{"rendered":"\n<h4 class=\"wp-block-heading\">Lunes 11 de octubre a las 19hs en el Auditorio Sala Chapitel<\/h4>\n\n\n\n<p>Organiza: Ediciones de La Grieta<\/p>\n\n\n\n<p>G\u00e9nero: biograf\u00eda novelada<br>P\u00fablico: general <\/p>\n\n\n\n<p>Relata la vida de Ivana Rosales, quien sufre violencia de g\u00e9nero, ella y sus hijas. Se basa el expediente Judicial&nbsp; y el relato de personas que la conocieron y de una de sus hijas.<\/p>\n\n\n\n<p><strong>Beatriz Kreitman:<\/strong> Psic\u00f3loga Social &#8211; Escuela Psicolog\u00eda Social del Sur Escritora Libros Publicados: \u201cHijos de Papel\u201d 1ra. Edici\u00f3n 1998- Premio Faja Nacional de Honor de la ADEA a\u00f1o 2000. Editado por Daniel Maldonado Gr\u00e1fica Yanel SA \u201cMar\u00eda Gracia Memoria y tiempo\u201d Parigiani Gr\u00e1fica (2009 ) \u201cHijos de Papel\u201d 2da. Edici\u00f3n Editorial Brujas (2017) \u201cLibre no Valiente\u201d Ediciones de \u201cLa Grieta\u201d (2019) En proceso de edici\u00f3n : \u201cDestellos\u201d Poemas \u201cLos Pliegues del Olvido\u201d Novela.<\/p>\n","protected":false},"excerpt":{"rendered":"<p>Lunes 11 de octubre a las 19hs en el Auditorio Sala Chapitel Organiza: Ediciones de La Grieta G\u00e9nero: biograf\u00eda noveladaP\u00fablico: general Relata la vida de Ivana Rosales, quien sufre violencia de g\u00e9nero, ella y sus hijas. Se basa el expediente Judicial&nbsp; y el relato de personas que la conocieron y de una de sus hijas. Beatriz Kreitman: Psic\u00f3loga Social &#8211; Escuela Psicolog\u00eda Social del Sur &hellip; <a href=\"https:\/\/cultura.sma.gob.ar\/?p=2335\" class=\"more-link\">Continue reading <span class=\"screen-reader-text\">Beatriz Kreitman &#8211; &#8220;Libre no valiente&#8221;<\/span><\/a><\/p>\n","protected":false},"author":1,"featured_media":296,"comment_status":"closed","ping_status":"","sticky":false,"template":"","format":"image","meta":{"footnotes":""},"categories":[3,9],"tags":[67],"class_list":["post-2335","post","type-post","status-publish","format-image","has-post-thumbnail","hentry","category-eventos-cultura","category-ultimas-noticias","tag-feria-del-libro","post_format-post-format-image"],"_links":{"self":[{"href":"https:\/\/cultura.sma.gob.ar\/index.php?rest_route=\/wp\/v2\/posts\/2335","targetHints":{"allow":["GET"]}}],"collection":[{"href":"https:\/\/cultura.sma.gob.ar\/index.php?rest_route=\/wp\/v2\/posts"}],"about":[{"href":"https:\/\/cultura.sma.gob.ar\/index.php?rest_route=\/wp\/v2\/types\/post"}],"author":[{"embeddable":true,"href":"https:\/\/cultura.sma.gob.ar\/index.php?rest_route=\/wp\/v2\/users\/1"}],"replies":[{"embeddable":true,"href":"https:\/\/cultura.sma.gob.ar\/index.php?rest_route=%2Fwp%2Fv2%2Fcomments&post=2335"}],"version-history":[{"count":4,"href":"https:\/\/cultura.sma.gob.ar\/index.php?rest_route=\/wp\/v2\/posts\/2335\/revisions"}],"predecessor-version":[{"id":2475,"href":"https:\/\/cultura.sma.gob.ar\/index.php?rest_route=\/wp\/v2\/posts\/2335\/revisions\/2475"}],"wp:featuredmedia":[{"embeddable":true,"href":"https:\/\/cultura.sma.gob.ar\/index.php?rest_route=\/wp\/v2\/media\/296"}],"wp:attachment":[{"href":"https:\/\/cultura.sma.gob.ar\/index.php?rest_route=%2Fwp%2Fv2%2Fmedia&parent=2335"}],"wp:term":[{"taxonomy":"category","embeddable":true,"href":"https:\/\/cultura.sma.gob.ar\/index.php?rest_route=%2Fwp%2Fv2%2Fcategories&post=2335"},{"taxonomy":"post_tag","embeddable":true,"href":"https:\/\/cultura.sma.gob.ar\/index.php?rest_route=%2Fwp%2Fv2%2Ftags&post=2335"}],"curies":[{"name":"wp","href":"https:\/\/api.w.org\/{rel}","templated":true}]}}