{"id":2332,"date":"2021-10-05T14:16:21","date_gmt":"2021-10-05T17:16:21","guid":{"rendered":"http:\/\/cultura.sma.gob.ar\/?p=2332"},"modified":"2021-10-05T14:16:21","modified_gmt":"2021-10-05T17:16:21","slug":"marcelo-impemba-el-ojo-negro-y-otros-cuentos","status":"publish","type":"post","link":"https:\/\/cultura.sma.gob.ar\/?p=2332","title":{"rendered":"Marcelo Impemba &#8211; &#8220;El ojo negro y otros cuentos&#8221;"},"content":{"rendered":"\n<h4 class=\"wp-block-heading\">Lunes 11 de octubre a las 17hs &#8211; BP La Cascada<\/h4>\n\n\n\n<p>Organiza BP La Cascada<\/p>\n\n\n\n<p>G\u00e9nero: narrativa de ficci\u00f3n<br>P\u00fablico: general<\/p>\n\n\n\n<p>Relatos fant\u00e1sticos que retratan un paisaje patag\u00f3nico idealizado, provocando y alentando al lector a sumergirse en las posibilidades de un escenario escondido bajo mantos de olvido y nuestros m\u00e1s profundos miedos, aquellos que navegan sobre el temor de lo oculto y desconocido. Sue\u00f1os que se hunden en lagos aquietados por la calma de lo inesperado, entre bosques que respiran el aliento de seres sobrenaturales o suben por monta\u00f1as que no tienen una cima a alcanzar. Historias reales o de ficci\u00f3n, contadas y elegidas al azar, hilvanan y construyen un viaje eterno. El tiempo como una circularidad, aquella que reflejaron los habitantes originarios.<\/p>\n\n\n\n<p>Marcelo Impemba: Desde 1995 en San Mart\u00edn de los Andes. Docente e investigador de la Universidad Nacional del Comahue, ha publicado diversos art\u00edculos acad\u00e9micos, ensayos, y el libro \u00bfLos Otros Invisibles? (2013). Autor del ensayo fotogr\u00e1fico Cristian Presente (2016), sobre el asesinato de Cristian Gonz\u00e1lez y la novela NATI El tiempo congelado es un laberinto eterno (2020). Recibi\u00f3 premios del Centro Editorial Municipal de San Mart\u00edn de los Andes en el certamen \u201cCuento corto: M\u00e1s de mil palabras\u201d (2017) y el X Concurso Literario de Poes\u00eda \u201cOpuestos\u201d (2018) y la Beca a la Creaci\u00f3n del Fondo Nacional de las Artes, en la disciplina Letras-No Ficci\u00f3n (2019)<\/p>\n","protected":false},"excerpt":{"rendered":"<p>Lunes 11 de octubre a las 17hs &#8211; BP La Cascada Organiza BP La Cascada G\u00e9nero: narrativa de ficci\u00f3nP\u00fablico: general Relatos fant\u00e1sticos que retratan un paisaje patag\u00f3nico idealizado, provocando y alentando al lector a sumergirse en las posibilidades de un escenario escondido bajo mantos de olvido y nuestros m\u00e1s profundos miedos, aquellos que navegan sobre el temor de lo oculto y desconocido. Sue\u00f1os que se &hellip; <a href=\"https:\/\/cultura.sma.gob.ar\/?p=2332\" class=\"more-link\">Continue reading <span class=\"screen-reader-text\">Marcelo Impemba &#8211; &#8220;El ojo negro y otros cuentos&#8221;<\/span><\/a><\/p>\n","protected":false},"author":1,"featured_media":296,"comment_status":"closed","ping_status":"","sticky":false,"template":"","format":"image","meta":{"footnotes":""},"categories":[3,9],"tags":[67],"class_list":["post-2332","post","type-post","status-publish","format-image","has-post-thumbnail","hentry","category-eventos-cultura","category-ultimas-noticias","tag-feria-del-libro","post_format-post-format-image"],"_links":{"self":[{"href":"https:\/\/cultura.sma.gob.ar\/index.php?rest_route=\/wp\/v2\/posts\/2332","targetHints":{"allow":["GET"]}}],"collection":[{"href":"https:\/\/cultura.sma.gob.ar\/index.php?rest_route=\/wp\/v2\/posts"}],"about":[{"href":"https:\/\/cultura.sma.gob.ar\/index.php?rest_route=\/wp\/v2\/types\/post"}],"author":[{"embeddable":true,"href":"https:\/\/cultura.sma.gob.ar\/index.php?rest_route=\/wp\/v2\/users\/1"}],"replies":[{"embeddable":true,"href":"https:\/\/cultura.sma.gob.ar\/index.php?rest_route=%2Fwp%2Fv2%2Fcomments&post=2332"}],"version-history":[{"count":3,"href":"https:\/\/cultura.sma.gob.ar\/index.php?rest_route=\/wp\/v2\/posts\/2332\/revisions"}],"predecessor-version":[{"id":2551,"href":"https:\/\/cultura.sma.gob.ar\/index.php?rest_route=\/wp\/v2\/posts\/2332\/revisions\/2551"}],"wp:featuredmedia":[{"embeddable":true,"href":"https:\/\/cultura.sma.gob.ar\/index.php?rest_route=\/wp\/v2\/media\/296"}],"wp:attachment":[{"href":"https:\/\/cultura.sma.gob.ar\/index.php?rest_route=%2Fwp%2Fv2%2Fmedia&parent=2332"}],"wp:term":[{"taxonomy":"category","embeddable":true,"href":"https:\/\/cultura.sma.gob.ar\/index.php?rest_route=%2Fwp%2Fv2%2Fcategories&post=2332"},{"taxonomy":"post_tag","embeddable":true,"href":"https:\/\/cultura.sma.gob.ar\/index.php?rest_route=%2Fwp%2Fv2%2Ftags&post=2332"}],"curies":[{"name":"wp","href":"https:\/\/api.w.org\/{rel}","templated":true}]}}