{"id":2327,"date":"2021-10-05T13:23:01","date_gmt":"2021-10-05T16:23:01","guid":{"rendered":"http:\/\/cultura.sma.gob.ar\/?p=2327"},"modified":"2021-10-05T13:23:01","modified_gmt":"2021-10-05T16:23:01","slug":"jorg-traveria-ramon-y-pilar-una-historia-de-amor-catalana","status":"publish","type":"post","link":"https:\/\/cultura.sma.gob.ar\/?p=2327","title":{"rendered":"Jorg Traver\u00eda &#8211; &#8220;Ram\u00f3n y Pilar una historia de amor catalana&#8221;"},"content":{"rendered":"\n<h4 class=\"wp-block-heading\">S\u00e1bado 16 de octubre a las 17:30hs &#8211; Auditorio Sala Chapitel<\/h4>\n\n\n\n<p>Organiza: Ediciones de la Grieta.<\/p>\n\n\n\n<p>G\u00e9nero: narrativa<br>P\u00fablico: general<\/p>\n\n\n\n<p>La historia retrata y describe las costumbres y los arquetipos de un pueblo en el coraz\u00f3n de Catalunya de comienzos del siglo veinte.&nbsp;&nbsp;Desde un punto de vista afectivo, trata de rescatar la figura de un catal\u00e1n &#8211; el abuelo Ram\u00f3n- como ejemplo de la superaci\u00f3n ante las dificultades, describe su infancia, y las tradiciones en un pueblo de Catalunya.<\/p>\n\n\n\n<p><strong>Jorge Traveria<\/strong> naci\u00f3 en 1953. Ingeniero en Telecomunicaciones en la Universidad Nacional de La Plata. Junto a su familia, decidi\u00f3 establecerse en San Mart\u00edn de los Andes. En las tierras neuquinas ejerci\u00f3 la docencia secundaria y universitaria por m\u00e1s de 30 a\u00f1os. Hoy est\u00e1 dedicado a la observaci\u00f3n de aves y a viajar en b\u00fasqueda de los lugares que su abuelo sol\u00eda contarle.<\/p>\n","protected":false},"excerpt":{"rendered":"<p>S\u00e1bado 16 de octubre a las 17:30hs &#8211; Auditorio Sala Chapitel Organiza: Ediciones de la Grieta. G\u00e9nero: narrativaP\u00fablico: general La historia retrata y describe las costumbres y los arquetipos de un pueblo en el coraz\u00f3n de Catalunya de comienzos del siglo veinte.&nbsp;&nbsp;Desde un punto de vista afectivo, trata de rescatar la figura de un catal\u00e1n &#8211; el abuelo Ram\u00f3n- como ejemplo de la superaci\u00f3n ante &hellip; <a href=\"https:\/\/cultura.sma.gob.ar\/?p=2327\" class=\"more-link\">Continue reading <span class=\"screen-reader-text\">Jorg Traver\u00eda &#8211; &#8220;Ram\u00f3n y Pilar una historia de amor catalana&#8221;<\/span><\/a><\/p>\n","protected":false},"author":1,"featured_media":296,"comment_status":"closed","ping_status":"","sticky":false,"template":"","format":"image","meta":{"footnotes":""},"categories":[3,9],"tags":[67],"class_list":["post-2327","post","type-post","status-publish","format-image","has-post-thumbnail","hentry","category-eventos-cultura","category-ultimas-noticias","tag-feria-del-libro","post_format-post-format-image"],"_links":{"self":[{"href":"https:\/\/cultura.sma.gob.ar\/index.php?rest_route=\/wp\/v2\/posts\/2327","targetHints":{"allow":["GET"]}}],"collection":[{"href":"https:\/\/cultura.sma.gob.ar\/index.php?rest_route=\/wp\/v2\/posts"}],"about":[{"href":"https:\/\/cultura.sma.gob.ar\/index.php?rest_route=\/wp\/v2\/types\/post"}],"author":[{"embeddable":true,"href":"https:\/\/cultura.sma.gob.ar\/index.php?rest_route=\/wp\/v2\/users\/1"}],"replies":[{"embeddable":true,"href":"https:\/\/cultura.sma.gob.ar\/index.php?rest_route=%2Fwp%2Fv2%2Fcomments&post=2327"}],"version-history":[{"count":3,"href":"https:\/\/cultura.sma.gob.ar\/index.php?rest_route=\/wp\/v2\/posts\/2327\/revisions"}],"predecessor-version":[{"id":2528,"href":"https:\/\/cultura.sma.gob.ar\/index.php?rest_route=\/wp\/v2\/posts\/2327\/revisions\/2528"}],"wp:featuredmedia":[{"embeddable":true,"href":"https:\/\/cultura.sma.gob.ar\/index.php?rest_route=\/wp\/v2\/media\/296"}],"wp:attachment":[{"href":"https:\/\/cultura.sma.gob.ar\/index.php?rest_route=%2Fwp%2Fv2%2Fmedia&parent=2327"}],"wp:term":[{"taxonomy":"category","embeddable":true,"href":"https:\/\/cultura.sma.gob.ar\/index.php?rest_route=%2Fwp%2Fv2%2Fcategories&post=2327"},{"taxonomy":"post_tag","embeddable":true,"href":"https:\/\/cultura.sma.gob.ar\/index.php?rest_route=%2Fwp%2Fv2%2Ftags&post=2327"}],"curies":[{"name":"wp","href":"https:\/\/api.w.org\/{rel}","templated":true}]}}