{"id":2322,"date":"2021-10-05T12:07:16","date_gmt":"2021-10-05T15:07:16","guid":{"rendered":"http:\/\/cultura.sma.gob.ar\/?p=2322"},"modified":"2021-10-05T12:07:16","modified_gmt":"2021-10-05T15:07:16","slug":"serie-les-desatormentades-presentacion","status":"publish","type":"post","link":"https:\/\/cultura.sma.gob.ar\/?p=2322","title":{"rendered":"Serie Les Desatormentades &#8211; Presentaci\u00f3n"},"content":{"rendered":"\n<h4 class=\"wp-block-heading\">Martes 12 de octubre a las 20:30hs &#8211; Auditorio Sala Chapitel<\/h4>\n\n\n\n<p>Organiza: Ediciones de La Grieta<\/p>\n\n\n\n<p>G\u00e9nero: poes\u00eda<br>P\u00fablico: general <\/p>\n\n\n\n<p>Colecci\u00f3n de libros de poemas de Ediciones de la Grieta de escritores de la provincia de Neuqu\u00e9n. Ellos son: Cecila Fresco&nbsp; Romina Olivero Tom\u00e1s Watkins&nbsp; Tamara Padr\u00f3n Carlos Blasco.<\/p>\n\n\n\n<p><strong>Autores y autoras de la provincia que forman parte de la colecci\u00f3n de Poes\u00eda Les Desatormentades de Ediciones de la Grieta<\/strong>, financiado con un cr\u00e9dito de Industrias Culturales del Ministerio de las Culturas participan de la <strong>presentaci\u00f3n colectiva<\/strong>. El Fondo editorial facilita la participaci\u00f3n del poeta Carlos Blasco (Plaza Huincul), Romina Olivero (Neuqu\u00e9n Capital) y Cecilia Fresco (Villa la Angostura). Acompa\u00f1ar a las editoriales independientes y autogestivas es premisa del FEN, y promover la circulaci\u00f3n de autores y obras por la Provincia con car\u00e1cter federal es imperativo tambi\u00e9n.<\/p>\n","protected":false},"excerpt":{"rendered":"<p>Martes 12 de octubre a las 20:30hs &#8211; Auditorio Sala Chapitel Organiza: Ediciones de La Grieta G\u00e9nero: poes\u00edaP\u00fablico: general Colecci\u00f3n de libros de poemas de Ediciones de la Grieta de escritores de la provincia de Neuqu\u00e9n. Ellos son: Cecila Fresco&nbsp; Romina Olivero Tom\u00e1s Watkins&nbsp; Tamara Padr\u00f3n Carlos Blasco. Autores y autoras de la provincia que forman parte de la colecci\u00f3n de Poes\u00eda Les Desatormentades de &hellip; <a href=\"https:\/\/cultura.sma.gob.ar\/?p=2322\" class=\"more-link\">Continue reading <span class=\"screen-reader-text\">Serie Les Desatormentades &#8211; Presentaci\u00f3n<\/span><\/a><\/p>\n","protected":false},"author":1,"featured_media":296,"comment_status":"closed","ping_status":"","sticky":false,"template":"","format":"image","meta":{"footnotes":""},"categories":[3,9],"tags":[67],"class_list":["post-2322","post","type-post","status-publish","format-image","has-post-thumbnail","hentry","category-eventos-cultura","category-ultimas-noticias","tag-feria-del-libro","post_format-post-format-image"],"_links":{"self":[{"href":"https:\/\/cultura.sma.gob.ar\/index.php?rest_route=\/wp\/v2\/posts\/2322","targetHints":{"allow":["GET"]}}],"collection":[{"href":"https:\/\/cultura.sma.gob.ar\/index.php?rest_route=\/wp\/v2\/posts"}],"about":[{"href":"https:\/\/cultura.sma.gob.ar\/index.php?rest_route=\/wp\/v2\/types\/post"}],"author":[{"embeddable":true,"href":"https:\/\/cultura.sma.gob.ar\/index.php?rest_route=\/wp\/v2\/users\/1"}],"replies":[{"embeddable":true,"href":"https:\/\/cultura.sma.gob.ar\/index.php?rest_route=%2Fwp%2Fv2%2Fcomments&post=2322"}],"version-history":[{"count":3,"href":"https:\/\/cultura.sma.gob.ar\/index.php?rest_route=\/wp\/v2\/posts\/2322\/revisions"}],"predecessor-version":[{"id":2495,"href":"https:\/\/cultura.sma.gob.ar\/index.php?rest_route=\/wp\/v2\/posts\/2322\/revisions\/2495"}],"wp:featuredmedia":[{"embeddable":true,"href":"https:\/\/cultura.sma.gob.ar\/index.php?rest_route=\/wp\/v2\/media\/296"}],"wp:attachment":[{"href":"https:\/\/cultura.sma.gob.ar\/index.php?rest_route=%2Fwp%2Fv2%2Fmedia&parent=2322"}],"wp:term":[{"taxonomy":"category","embeddable":true,"href":"https:\/\/cultura.sma.gob.ar\/index.php?rest_route=%2Fwp%2Fv2%2Fcategories&post=2322"},{"taxonomy":"post_tag","embeddable":true,"href":"https:\/\/cultura.sma.gob.ar\/index.php?rest_route=%2Fwp%2Fv2%2Ftags&post=2322"}],"curies":[{"name":"wp","href":"https:\/\/api.w.org\/{rel}","templated":true}]}}