{"id":232,"date":"2020-08-26T15:45:33","date_gmt":"2020-08-26T15:45:33","guid":{"rendered":"https:\/\/culturasma.wordpress.com\/?p=232"},"modified":"2020-09-24T17:18:02","modified_gmt":"2020-09-24T20:18:02","slug":"se-restaurara-la-emblematica-embarcacion-el-cisne","status":"publish","type":"post","link":"https:\/\/cultura.sma.gob.ar\/?p=232","title":{"rendered":"Se restaurar\u00e1 la emblem\u00e1tica embarcaci\u00f3n El Cisne"},"content":{"rendered":"\n<figure class=\"wp-block-image size-large\"><img decoding=\"async\" src=\"https:\/\/culturasma.files.wordpress.com\/2020\/08\/img-20200729-wa0042.jpg?w=1024\" alt=\"\" class=\"wp-image-234\"\/><\/figure>\n\n\n\n<p>La Secretar\u00eda de Cultura, a trav\u00e9s del Departamento de Patrimonio Hist\u00f3rico, informa el inicio del proyecto de restauraci\u00f3n de la embarcaci\u00f3n El Cisne.<\/p>\n\n\n\n<p>Se convoca a vecinas y vecinos que tengan fotos o informaci\u00f3n de este barco hist\u00f3rico, a que se comuniquen al tel\u00e9fono 424804 de&nbsp; la secretar\u00eda, de lunes a viernes de 9 a 12 hs.<\/p>\n\n\n\n<p>El Cisne fue una embarcaci\u00f3n que naveg\u00f3 el lago Lacar en el siglo pasado, hasta la d\u00e9cada del 80. Era utilizado para transportar productos forestales desde los aserraderos ubicados en la cordillera hasta la costa del pueblo.<\/p>\n\n\n\n<p>El proyecto, que contempla la restauraci\u00f3n y emplazamiento del barco en la costanera, cerca del antiguo locom\u00f3vil de Alfredo Creide, contribuir\u00e1 a rescatar un fragmento de la historia forestal del pueblo, fortaleciendo la identidad colectiva.<\/p>\n","protected":false},"excerpt":{"rendered":"<p>Se inicia el proyecto de restauraci\u00f3n y se insta a la comunidad a aportar informaci\u00f3n hist\u00f3rica. <a href=\"https:\/\/cultura.sma.gob.ar\/?p=232\" class=\"more-link\">Continue reading <span class=\"screen-reader-text\">Se restaurar\u00e1 la emblem\u00e1tica embarcaci\u00f3n El Cisne<\/span><\/a><\/p>\n","protected":false},"author":3,"featured_media":291,"comment_status":"closed","ping_status":"closed","sticky":false,"template":"","format":"image","meta":{"footnotes":""},"categories":[5],"tags":[19],"class_list":["post-232","post","type-post","status-publish","format-image","has-post-thumbnail","hentry","category-patrimonio-cultural","tag-el-cisne","post_format-post-format-image"],"_links":{"self":[{"href":"https:\/\/cultura.sma.gob.ar\/index.php?rest_route=\/wp\/v2\/posts\/232","targetHints":{"allow":["GET"]}}],"collection":[{"href":"https:\/\/cultura.sma.gob.ar\/index.php?rest_route=\/wp\/v2\/posts"}],"about":[{"href":"https:\/\/cultura.sma.gob.ar\/index.php?rest_route=\/wp\/v2\/types\/post"}],"author":[{"embeddable":true,"href":"https:\/\/cultura.sma.gob.ar\/index.php?rest_route=\/wp\/v2\/users\/3"}],"replies":[{"embeddable":true,"href":"https:\/\/cultura.sma.gob.ar\/index.php?rest_route=%2Fwp%2Fv2%2Fcomments&post=232"}],"version-history":[{"count":1,"href":"https:\/\/cultura.sma.gob.ar\/index.php?rest_route=\/wp\/v2\/posts\/232\/revisions"}],"predecessor-version":[{"id":300,"href":"https:\/\/cultura.sma.gob.ar\/index.php?rest_route=\/wp\/v2\/posts\/232\/revisions\/300"}],"wp:featuredmedia":[{"embeddable":true,"href":"https:\/\/cultura.sma.gob.ar\/index.php?rest_route=\/wp\/v2\/media\/291"}],"wp:attachment":[{"href":"https:\/\/cultura.sma.gob.ar\/index.php?rest_route=%2Fwp%2Fv2%2Fmedia&parent=232"}],"wp:term":[{"taxonomy":"category","embeddable":true,"href":"https:\/\/cultura.sma.gob.ar\/index.php?rest_route=%2Fwp%2Fv2%2Fcategories&post=232"},{"taxonomy":"post_tag","embeddable":true,"href":"https:\/\/cultura.sma.gob.ar\/index.php?rest_route=%2Fwp%2Fv2%2Ftags&post=232"}],"curies":[{"name":"wp","href":"https:\/\/api.w.org\/{rel}","templated":true}]}}