{"id":2319,"date":"2021-10-05T13:39:53","date_gmt":"2021-10-05T16:39:53","guid":{"rendered":"http:\/\/cultura.sma.gob.ar\/?p=2319"},"modified":"2021-10-05T13:39:53","modified_gmt":"2021-10-05T16:39:53","slug":"colectiva-de-escritoras-patagonicas-nos-queda-el-mundo","status":"publish","type":"post","link":"https:\/\/cultura.sma.gob.ar\/?p=2319","title":{"rendered":"Colectiva de Escritoras Patag\u00f3nicas: &#8220;Nos queda el mundo&#8221;"},"content":{"rendered":"\n<h4 class=\"wp-block-heading\">S\u00e1bado 16 de octubre a las 21hs &#8211; Auditorio Sala Chapitel<\/h4>\n\n\n\n<p>G\u00e9nero: antolog\u00eda po\u00e9tica<br>P\u00fablico: general<\/p>\n\n\n\n<p>A\u00f1o 2020, plena pandemia. Nos juntamos un par de poetas pensando: \u201calg\u00fan poema tiene que haber\u201d, para resistir, para salvarnos, para hacer de este mundo un lugar m\u00e1s amable, m\u00e1s habitable, po\u00e9tico. Liliana Campazzo, dice en el pr\u00f3logo: \u201c\u00bfPara qu\u00e9 las palabras? Para decir, decirnos, decirles que a pesar de las confabulaciones, las teor\u00edas, las mentiras, la pandemia, los encierros, la soledad, y la materia oscura que se ha apoderado de parte de nuestra vida, nos queda el mundo.\u201d<\/p>\n\n\n\n<p>Somos distintas autoras de la localidad, de diversas trayectorias y profesiones. Todas vinculadas a la docencia, a la cultura, al arte y a la producci\u00f3n y gesti\u00f3n social y cultural. Nos une el camino en la literatura y la cultura como Colectiva.<\/p>\n","protected":false},"excerpt":{"rendered":"<p>S\u00e1bado 16 de octubre a las 21hs &#8211; Auditorio Sala Chapitel G\u00e9nero: antolog\u00eda po\u00e9ticaP\u00fablico: general A\u00f1o 2020, plena pandemia. Nos juntamos un par de poetas pensando: \u201calg\u00fan poema tiene que haber\u201d, para resistir, para salvarnos, para hacer de este mundo un lugar m\u00e1s amable, m\u00e1s habitable, po\u00e9tico. Liliana Campazzo, dice en el pr\u00f3logo: \u201c\u00bfPara qu\u00e9 las palabras? Para decir, decirnos, decirles que a pesar de &hellip; <a href=\"https:\/\/cultura.sma.gob.ar\/?p=2319\" class=\"more-link\">Continue reading <span class=\"screen-reader-text\">Colectiva de Escritoras Patag\u00f3nicas: &#8220;Nos queda el mundo&#8221;<\/span><\/a><\/p>\n","protected":false},"author":1,"featured_media":296,"comment_status":"closed","ping_status":"","sticky":false,"template":"","format":"image","meta":{"footnotes":""},"categories":[3,9],"tags":[67],"class_list":["post-2319","post","type-post","status-publish","format-image","has-post-thumbnail","hentry","category-eventos-cultura","category-ultimas-noticias","tag-feria-del-libro","post_format-post-format-image"],"_links":{"self":[{"href":"https:\/\/cultura.sma.gob.ar\/index.php?rest_route=\/wp\/v2\/posts\/2319","targetHints":{"allow":["GET"]}}],"collection":[{"href":"https:\/\/cultura.sma.gob.ar\/index.php?rest_route=\/wp\/v2\/posts"}],"about":[{"href":"https:\/\/cultura.sma.gob.ar\/index.php?rest_route=\/wp\/v2\/types\/post"}],"author":[{"embeddable":true,"href":"https:\/\/cultura.sma.gob.ar\/index.php?rest_route=\/wp\/v2\/users\/1"}],"replies":[{"embeddable":true,"href":"https:\/\/cultura.sma.gob.ar\/index.php?rest_route=%2Fwp%2Fv2%2Fcomments&post=2319"}],"version-history":[{"count":3,"href":"https:\/\/cultura.sma.gob.ar\/index.php?rest_route=\/wp\/v2\/posts\/2319\/revisions"}],"predecessor-version":[{"id":2534,"href":"https:\/\/cultura.sma.gob.ar\/index.php?rest_route=\/wp\/v2\/posts\/2319\/revisions\/2534"}],"wp:featuredmedia":[{"embeddable":true,"href":"https:\/\/cultura.sma.gob.ar\/index.php?rest_route=\/wp\/v2\/media\/296"}],"wp:attachment":[{"href":"https:\/\/cultura.sma.gob.ar\/index.php?rest_route=%2Fwp%2Fv2%2Fmedia&parent=2319"}],"wp:term":[{"taxonomy":"category","embeddable":true,"href":"https:\/\/cultura.sma.gob.ar\/index.php?rest_route=%2Fwp%2Fv2%2Fcategories&post=2319"},{"taxonomy":"post_tag","embeddable":true,"href":"https:\/\/cultura.sma.gob.ar\/index.php?rest_route=%2Fwp%2Fv2%2Ftags&post=2319"}],"curies":[{"name":"wp","href":"https:\/\/api.w.org\/{rel}","templated":true}]}}