{"id":2315,"date":"2021-10-05T12:50:28","date_gmt":"2021-10-05T15:50:28","guid":{"rendered":"http:\/\/cultura.sma.gob.ar\/?p=2315"},"modified":"2021-10-05T12:50:28","modified_gmt":"2021-10-05T15:50:28","slug":"maria-celia-maglione-distintos-desiguales","status":"publish","type":"post","link":"https:\/\/cultura.sma.gob.ar\/?p=2315","title":{"rendered":"Mar\u00eda Celia Maglione &#8211; &#8220;Distintos desiguales&#8221;"},"content":{"rendered":"\n<h4 class=\"wp-block-heading\">Viernes 15 a las 17hs &#8211; Auditorio Sala Chapitel<\/h4>\n\n\n\n<p>G\u00e9nero: cuento &#8211; poes\u00eda<br>P\u00fablico: general<\/p>\n\n\n\n<p>La comunicaci\u00f3n que incomunica; La inclusi\u00f3n de los acallados; La invisibilidad de desaparecidos, negros, pobres, pueblos originarios\u2026&nbsp; La imposici\u00f3n cultural de los que se creen superiores y utilizan la manipulaci\u00f3n hegem\u00f3nica para alcanzar su objetivo: mantener sus privilegios.<\/p>\n\n\n\n<p>Maestra y profesora en Ciencias de la Educaci\u00f3n (UBA) Explor\u00e9 la literatura infantil editando \u201cCon mam\u00e1 y pap\u00e1 por el mundo\u201d \u2013 poemas para ni\u00f1os en ediciones LH (1970) y luego por Librer\u00eda Huemul (1986) en versi\u00f3n ampliada y prologada por Marta Gim\u00e9nez Pastor, escritora de amplia trayectoria. En 1982 lleg\u00f3 a San Mart\u00edn de los Andes donde form\u00f3 parte del equipo docente del I.F.D. N\u00b0 3 hasta 1998.<\/p>\n","protected":false},"excerpt":{"rendered":"<p>Viernes 15 a las 17hs &#8211; Auditorio Sala Chapitel G\u00e9nero: cuento &#8211; poes\u00edaP\u00fablico: general La comunicaci\u00f3n que incomunica; La inclusi\u00f3n de los acallados; La invisibilidad de desaparecidos, negros, pobres, pueblos originarios\u2026&nbsp; La imposici\u00f3n cultural de los que se creen superiores y utilizan la manipulaci\u00f3n hegem\u00f3nica para alcanzar su objetivo: mantener sus privilegios. Maestra y profesora en Ciencias de la Educaci\u00f3n (UBA) Explor\u00e9 la literatura infantil &hellip; <a href=\"https:\/\/cultura.sma.gob.ar\/?p=2315\" class=\"more-link\">Continue reading <span class=\"screen-reader-text\">Mar\u00eda Celia Maglione &#8211; &#8220;Distintos desiguales&#8221;<\/span><\/a><\/p>\n","protected":false},"author":1,"featured_media":296,"comment_status":"closed","ping_status":"","sticky":false,"template":"","format":"image","meta":{"footnotes":""},"categories":[3,9],"tags":[67],"class_list":["post-2315","post","type-post","status-publish","format-image","has-post-thumbnail","hentry","category-eventos-cultura","category-ultimas-noticias","tag-feria-del-libro","post_format-post-format-image"],"_links":{"self":[{"href":"https:\/\/cultura.sma.gob.ar\/index.php?rest_route=\/wp\/v2\/posts\/2315","targetHints":{"allow":["GET"]}}],"collection":[{"href":"https:\/\/cultura.sma.gob.ar\/index.php?rest_route=\/wp\/v2\/posts"}],"about":[{"href":"https:\/\/cultura.sma.gob.ar\/index.php?rest_route=\/wp\/v2\/types\/post"}],"author":[{"embeddable":true,"href":"https:\/\/cultura.sma.gob.ar\/index.php?rest_route=\/wp\/v2\/users\/1"}],"replies":[{"embeddable":true,"href":"https:\/\/cultura.sma.gob.ar\/index.php?rest_route=%2Fwp%2Fv2%2Fcomments&post=2315"}],"version-history":[{"count":3,"href":"https:\/\/cultura.sma.gob.ar\/index.php?rest_route=\/wp\/v2\/posts\/2315\/revisions"}],"predecessor-version":[{"id":2517,"href":"https:\/\/cultura.sma.gob.ar\/index.php?rest_route=\/wp\/v2\/posts\/2315\/revisions\/2517"}],"wp:featuredmedia":[{"embeddable":true,"href":"https:\/\/cultura.sma.gob.ar\/index.php?rest_route=\/wp\/v2\/media\/296"}],"wp:attachment":[{"href":"https:\/\/cultura.sma.gob.ar\/index.php?rest_route=%2Fwp%2Fv2%2Fmedia&parent=2315"}],"wp:term":[{"taxonomy":"category","embeddable":true,"href":"https:\/\/cultura.sma.gob.ar\/index.php?rest_route=%2Fwp%2Fv2%2Fcategories&post=2315"},{"taxonomy":"post_tag","embeddable":true,"href":"https:\/\/cultura.sma.gob.ar\/index.php?rest_route=%2Fwp%2Fv2%2Ftags&post=2315"}],"curies":[{"name":"wp","href":"https:\/\/api.w.org\/{rel}","templated":true}]}}