{"id":2308,"date":"2021-10-05T11:55:57","date_gmt":"2021-10-05T14:55:57","guid":{"rendered":"http:\/\/cultura.sma.gob.ar\/?p=2308"},"modified":"2021-10-05T11:55:57","modified_gmt":"2021-10-05T14:55:57","slug":"susana-abiles-furia-muda","status":"publish","type":"post","link":"https:\/\/cultura.sma.gob.ar\/?p=2308","title":{"rendered":"Susana Abiles &#8211; &#8220;Furia Muda&#8221;"},"content":{"rendered":"\n<h4 class=\"wp-block-heading\">Martes 12 de octubre a las 18hs &#8211; Auditorio Sala Chapitel<\/h4>\n\n\n\n<p>Organiza: Ediciones de La Grieta<\/p>\n\n\n\n<p>G\u00e9nero: Poes\u00eda<br>P\u00fablico: general<\/p>\n\n\n\n<p>Furia muda es el grito contra\u00eddo de una mujer que construye la soledad hasta convertirse en silencio. En su b\u00fasqueda rota, sola, advierte que el grito es la verdad, ese que no deja salir.<\/p>\n\n\n\n<p><strong>Susana Abiles<\/strong>, Cipolletti 17 de Enero de 1967. Nacida y criada en esa ciudad y establecida a los 23 a\u00f1os en san Mart\u00edn de los Andes donde vive actualmente. Despu\u00e9s de muchos a\u00f1os escribiendo, consolido su primer libro de poemas CIEGA VEO (Enero 2019)<\/p>\n","protected":false},"excerpt":{"rendered":"<p>Martes 12 de octubre a las 18hs &#8211; Auditorio Sala Chapitel Organiza: Ediciones de La Grieta G\u00e9nero: Poes\u00edaP\u00fablico: general Furia muda es el grito contra\u00eddo de una mujer que construye la soledad hasta convertirse en silencio. En su b\u00fasqueda rota, sola, advierte que el grito es la verdad, ese que no deja salir. Susana Abiles, Cipolletti 17 de Enero de 1967. Nacida y criada en &hellip; <a href=\"https:\/\/cultura.sma.gob.ar\/?p=2308\" class=\"more-link\">Continue reading <span class=\"screen-reader-text\">Susana Abiles &#8211; &#8220;Furia Muda&#8221;<\/span><\/a><\/p>\n","protected":false},"author":1,"featured_media":296,"comment_status":"closed","ping_status":"","sticky":false,"template":"","format":"image","meta":{"footnotes":""},"categories":[3,9],"tags":[67],"class_list":["post-2308","post","type-post","status-publish","format-image","has-post-thumbnail","hentry","category-eventos-cultura","category-ultimas-noticias","tag-feria-del-libro","post_format-post-format-image"],"_links":{"self":[{"href":"https:\/\/cultura.sma.gob.ar\/index.php?rest_route=\/wp\/v2\/posts\/2308","targetHints":{"allow":["GET"]}}],"collection":[{"href":"https:\/\/cultura.sma.gob.ar\/index.php?rest_route=\/wp\/v2\/posts"}],"about":[{"href":"https:\/\/cultura.sma.gob.ar\/index.php?rest_route=\/wp\/v2\/types\/post"}],"author":[{"embeddable":true,"href":"https:\/\/cultura.sma.gob.ar\/index.php?rest_route=\/wp\/v2\/users\/1"}],"replies":[{"embeddable":true,"href":"https:\/\/cultura.sma.gob.ar\/index.php?rest_route=%2Fwp%2Fv2%2Fcomments&post=2308"}],"version-history":[{"count":2,"href":"https:\/\/cultura.sma.gob.ar\/index.php?rest_route=\/wp\/v2\/posts\/2308\/revisions"}],"predecessor-version":[{"id":2487,"href":"https:\/\/cultura.sma.gob.ar\/index.php?rest_route=\/wp\/v2\/posts\/2308\/revisions\/2487"}],"wp:featuredmedia":[{"embeddable":true,"href":"https:\/\/cultura.sma.gob.ar\/index.php?rest_route=\/wp\/v2\/media\/296"}],"wp:attachment":[{"href":"https:\/\/cultura.sma.gob.ar\/index.php?rest_route=%2Fwp%2Fv2%2Fmedia&parent=2308"}],"wp:term":[{"taxonomy":"category","embeddable":true,"href":"https:\/\/cultura.sma.gob.ar\/index.php?rest_route=%2Fwp%2Fv2%2Fcategories&post=2308"},{"taxonomy":"post_tag","embeddable":true,"href":"https:\/\/cultura.sma.gob.ar\/index.php?rest_route=%2Fwp%2Fv2%2Ftags&post=2308"}],"curies":[{"name":"wp","href":"https:\/\/api.w.org\/{rel}","templated":true}]}}