{"id":2303,"date":"2021-10-05T13:01:42","date_gmt":"2021-10-05T16:01:42","guid":{"rendered":"http:\/\/cultura.sma.gob.ar\/?p=2303"},"modified":"2021-10-05T13:01:42","modified_gmt":"2021-10-05T16:01:42","slug":"belen-grosso-ruth-zubiggen-brenda-stolze-mariano-skliar-andrea-gonzalez-conversar-la-escuela-complicidades-pedagogicas-para-otra-ternura","status":"publish","type":"post","link":"https:\/\/cultura.sma.gob.ar\/?p=2303","title":{"rendered":"Bel\u00e9n Grosso, Ruth Zubiggen, Brenda Stolze, Mariano Skliar, Andrea Gonz\u00e1lez &#8211; &#8220;Conversar la escuela: complicidades pedag\u00f3gicas para otra ternura&#8221;"},"content":{"rendered":"\n<h4 class=\"wp-block-heading\">Viernes 15 de octubre a las 21h &#8211; Auditorio Sala Chapitel<\/h4>\n\n\n\n<p>G\u00e9nero: Pedagog\u00eda<br>P\u00fablico: general<\/p>\n\n\n\n<p>Conversar la escuela, buscando huir de conversar sobre y de la escuela. Conversarla estando adentro, conversarla con quienes nos encontramos en movimientos transformadores desde m\u00faltiples pr\u00e1cticas y apuestas esperanzadoras, ojal\u00e1, con el horizonte de la ternura revolucionaria que cuida y no cuida, que salva y nos salva.<\/p>\n\n\n\n<p>Bel\u00e9n Grosso: Maestra feminista. Estudi\u00f3 en el Instituto Superior de Formaci\u00f3n Docente N\u00b012 de Neuqu\u00e9n capital. Acompa\u00f1ante de abortos. Activista en La Revuelta Colectiva Feminista. Integra equipos de investigaci\u00f3n sobre aborto. Defensora de lo p\u00fablico de la educaci\u00f3n.&nbsp; Actualmente est\u00e1 a cargo de la Secretar\u00eda de Pol\u00edticas de G\u00e9nero de ATEN.<\/p>\n","protected":false},"excerpt":{"rendered":"<p>Viernes 15 de octubre a las 21h &#8211; Auditorio Sala Chapitel G\u00e9nero: Pedagog\u00edaP\u00fablico: general Conversar la escuela, buscando huir de conversar sobre y de la escuela. Conversarla estando adentro, conversarla con quienes nos encontramos en movimientos transformadores desde m\u00faltiples pr\u00e1cticas y apuestas esperanzadoras, ojal\u00e1, con el horizonte de la ternura revolucionaria que cuida y no cuida, que salva y nos salva. Bel\u00e9n Grosso: Maestra feminista. &hellip; <a href=\"https:\/\/cultura.sma.gob.ar\/?p=2303\" class=\"more-link\">Continue reading <span class=\"screen-reader-text\">Bel\u00e9n Grosso, Ruth Zubiggen, Brenda Stolze, Mariano Skliar, Andrea Gonz\u00e1lez &#8211; &#8220;Conversar la escuela: complicidades pedag\u00f3gicas para otra ternura&#8221;<\/span><\/a><\/p>\n","protected":false},"author":1,"featured_media":296,"comment_status":"closed","ping_status":"","sticky":false,"template":"","format":"image","meta":{"footnotes":""},"categories":[3,9],"tags":[67],"class_list":["post-2303","post","type-post","status-publish","format-image","has-post-thumbnail","hentry","category-eventos-cultura","category-ultimas-noticias","tag-feria-del-libro","post_format-post-format-image"],"_links":{"self":[{"href":"https:\/\/cultura.sma.gob.ar\/index.php?rest_route=\/wp\/v2\/posts\/2303","targetHints":{"allow":["GET"]}}],"collection":[{"href":"https:\/\/cultura.sma.gob.ar\/index.php?rest_route=\/wp\/v2\/posts"}],"about":[{"href":"https:\/\/cultura.sma.gob.ar\/index.php?rest_route=\/wp\/v2\/types\/post"}],"author":[{"embeddable":true,"href":"https:\/\/cultura.sma.gob.ar\/index.php?rest_route=\/wp\/v2\/users\/1"}],"replies":[{"embeddable":true,"href":"https:\/\/cultura.sma.gob.ar\/index.php?rest_route=%2Fwp%2Fv2%2Fcomments&post=2303"}],"version-history":[{"count":3,"href":"https:\/\/cultura.sma.gob.ar\/index.php?rest_route=\/wp\/v2\/posts\/2303\/revisions"}],"predecessor-version":[{"id":2524,"href":"https:\/\/cultura.sma.gob.ar\/index.php?rest_route=\/wp\/v2\/posts\/2303\/revisions\/2524"}],"wp:featuredmedia":[{"embeddable":true,"href":"https:\/\/cultura.sma.gob.ar\/index.php?rest_route=\/wp\/v2\/media\/296"}],"wp:attachment":[{"href":"https:\/\/cultura.sma.gob.ar\/index.php?rest_route=%2Fwp%2Fv2%2Fmedia&parent=2303"}],"wp:term":[{"taxonomy":"category","embeddable":true,"href":"https:\/\/cultura.sma.gob.ar\/index.php?rest_route=%2Fwp%2Fv2%2Fcategories&post=2303"},{"taxonomy":"post_tag","embeddable":true,"href":"https:\/\/cultura.sma.gob.ar\/index.php?rest_route=%2Fwp%2Fv2%2Ftags&post=2303"}],"curies":[{"name":"wp","href":"https:\/\/api.w.org\/{rel}","templated":true}]}}