{"id":2292,"date":"2021-10-05T12:59:52","date_gmt":"2021-10-05T15:59:52","guid":{"rendered":"http:\/\/cultura.sma.gob.ar\/?p=2292"},"modified":"2021-10-05T12:59:52","modified_gmt":"2021-10-05T15:59:52","slug":"nadia-quant-historias-de-la-madre-tierra-y-los-lagos-del-sur","status":"publish","type":"post","link":"https:\/\/cultura.sma.gob.ar\/?p=2292","title":{"rendered":"Nadia Quant &#8211; &#8220;Historias de la Madre Tierra y los Lagos del Sur&#8221;"},"content":{"rendered":"\n<h4 class=\"wp-block-heading\">Viernes 15 de octubre a las 20:30hs &#8211; Auditorio Sala Chapitel<\/h4>\n\n\n\n<p>G\u00e9nero: cuentos de la regi\u00f3n<br>P\u00fablico: General<\/p>\n\n\n\n<p>Cuatro fueron los primeros elementos, los puntos del mundo, las estaciones y los resonadores del Kultr\u00fan; la fisiolog\u00eda de la naturaleza resonaba de cuatro en cuatro. Eso no significaba que no apareciesen otros n\u00fameros, la Madre Tierra era tan bondadosa y abundante que era imposible pensarla sin la infinidad de n\u00fameros que la constitu\u00edan.&nbsp;<\/p>\n\n\n\n<p>El mundo hab\u00eda cambiado, la tecnolog\u00eda hab\u00eda generado una desconexi\u00f3n del suelo, la memoria, la riqueza de los elementales y la vida. Es por eso que hubo un d\u00eda, en que la Madre Tierra despert\u00f3 y el Che de la Mapu, despert\u00f3 con ella con mucho para contar.<\/p>\n\n\n\n<p><strong>Nadia Quant<\/strong> es Lic. en Comunicaci\u00f3n Social UNLP, escritora y periodista nacida en San Mart\u00edn de los Andes; especializada en perspectiva de g\u00e9nero. Autora de Palabrerinto (2012), Ojos Abiertos (2017) y Legados ancestrales (2020); as\u00ed como de diversos art\u00edculos period\u00edsticos y producciones audiovisuales en toda Sudam\u00e9rica. Entre sus premios recientes se encuentran la Beca Creaci\u00f3n del FNA 2019 para su libro \u201cHistorias de la Madre Tierra y los Lagos del Sur\u201d; y la Beca Creaci\u00f3n 2021 Audiovisual.<\/p>\n\n\n\n<p>Asimismo, obtuvo una menci\u00f3n especial en poes\u00eda del Ministerio de Cultura de la Naci\u00f3n en 2020, y seleccionada por el Fondo Editorial Neuquino para la publicaci\u00f3n de su primer libro infantil &#8220;Am\u00f3n Miau&#8221; en 2021<\/p>\n","protected":false},"excerpt":{"rendered":"<p>Viernes 15 de octubre a las 20:30hs &#8211; Auditorio Sala Chapitel G\u00e9nero: cuentos de la regi\u00f3nP\u00fablico: General Cuatro fueron los primeros elementos, los puntos del mundo, las estaciones y los resonadores del Kultr\u00fan; la fisiolog\u00eda de la naturaleza resonaba de cuatro en cuatro. Eso no significaba que no apareciesen otros n\u00fameros, la Madre Tierra era tan bondadosa y abundante que era imposible pensarla sin la &hellip; <a href=\"https:\/\/cultura.sma.gob.ar\/?p=2292\" class=\"more-link\">Continue reading <span class=\"screen-reader-text\">Nadia Quant &#8211; &#8220;Historias de la Madre Tierra y los Lagos del Sur&#8221;<\/span><\/a><\/p>\n","protected":false},"author":1,"featured_media":296,"comment_status":"closed","ping_status":"","sticky":false,"template":"","format":"image","meta":{"footnotes":""},"categories":[3,9],"tags":[67],"class_list":["post-2292","post","type-post","status-publish","format-image","has-post-thumbnail","hentry","category-eventos-cultura","category-ultimas-noticias","tag-feria-del-libro","post_format-post-format-image"],"_links":{"self":[{"href":"https:\/\/cultura.sma.gob.ar\/index.php?rest_route=\/wp\/v2\/posts\/2292","targetHints":{"allow":["GET"]}}],"collection":[{"href":"https:\/\/cultura.sma.gob.ar\/index.php?rest_route=\/wp\/v2\/posts"}],"about":[{"href":"https:\/\/cultura.sma.gob.ar\/index.php?rest_route=\/wp\/v2\/types\/post"}],"author":[{"embeddable":true,"href":"https:\/\/cultura.sma.gob.ar\/index.php?rest_route=\/wp\/v2\/users\/1"}],"replies":[{"embeddable":true,"href":"https:\/\/cultura.sma.gob.ar\/index.php?rest_route=%2Fwp%2Fv2%2Fcomments&post=2292"}],"version-history":[{"count":3,"href":"https:\/\/cultura.sma.gob.ar\/index.php?rest_route=\/wp\/v2\/posts\/2292\/revisions"}],"predecessor-version":[{"id":2523,"href":"https:\/\/cultura.sma.gob.ar\/index.php?rest_route=\/wp\/v2\/posts\/2292\/revisions\/2523"}],"wp:featuredmedia":[{"embeddable":true,"href":"https:\/\/cultura.sma.gob.ar\/index.php?rest_route=\/wp\/v2\/media\/296"}],"wp:attachment":[{"href":"https:\/\/cultura.sma.gob.ar\/index.php?rest_route=%2Fwp%2Fv2%2Fmedia&parent=2292"}],"wp:term":[{"taxonomy":"category","embeddable":true,"href":"https:\/\/cultura.sma.gob.ar\/index.php?rest_route=%2Fwp%2Fv2%2Fcategories&post=2292"},{"taxonomy":"post_tag","embeddable":true,"href":"https:\/\/cultura.sma.gob.ar\/index.php?rest_route=%2Fwp%2Fv2%2Ftags&post=2292"}],"curies":[{"name":"wp","href":"https:\/\/api.w.org\/{rel}","templated":true}]}}