{"id":2289,"date":"2021-10-05T14:34:23","date_gmt":"2021-10-05T17:34:23","guid":{"rendered":"http:\/\/cultura.sma.gob.ar\/?p=2289"},"modified":"2021-10-05T14:34:23","modified_gmt":"2021-10-05T17:34:23","slug":"nadia-quant-legados-ancestrales","status":"publish","type":"post","link":"https:\/\/cultura.sma.gob.ar\/?p=2289","title":{"rendered":"Nadia Quant &#8211; &#8220;Legados ancestrales&#8221;"},"content":{"rendered":"\n<h4 class=\"wp-block-heading\">Martes 12 de octubre a las 18hs  &#8211; BP 4 de Febrero<\/h4>\n\n\n\n<p>G\u00e9nero: Relato de no ficci\u00f3n<br>P\u00fablico: J\u00f3venes y adultos interesados en el abordaje de ESI<\/p>\n\n\n\n<p>Legados Ancestrales realiza un viaje narrativo a trav\u00e9s de diversas situaciones y escenarios que van desde una vida de f\u00fatbol en el conurbano bonaerense saltando hacia la Cordillera de Los Andes con las cholitas escaladoras, entre otros; diez cuentos que se vinculan atravesados por las transformaciones sociales, el empoderamiento femenino, la b\u00fasqueda de equidad y sobre todo la problematizaci\u00f3n de estructuras heredadas ancestrales que demandan una revisi\u00f3n.<\/p>\n\n\n\n<p><strong>Nadia Quant<\/strong> es Lic. en Comunicaci\u00f3n Social UNLP, escritora y periodista nacida en San Mart\u00edn de los Andes; especializada en perspectiva de g\u00e9nero. Autora de Palabrerinto (2012), Ojos Abiertos (2017) y Legados ancestrales (2020); as\u00ed como de diversos art\u00edculos period\u00edsticos y producciones audiovisuales en toda Sudam\u00e9rica. Entre sus premios recientes se encuentran la Beca Creaci\u00f3n del FNA 2019 para su libro \u201cHistorias de la Madre Tierra y los Lagos del Sur\u201d; y la Beca Creaci\u00f3n 2021 Audiovisual.<\/p>\n\n\n\n<p>Asimismo, obtuvo una menci\u00f3n especial en poes\u00eda del Ministerio de Cultura de la Naci\u00f3n en 2020, y seleccionada por el Fondo Editorial Neuquino para la publicaci\u00f3n de su primer libro infantil &#8220;Am\u00f3n Miau&#8221; en 2021<\/p>\n","protected":false},"excerpt":{"rendered":"<p>Martes 12 de octubre a las 18hs &#8211; BP 4 de Febrero G\u00e9nero: Relato de no ficci\u00f3nP\u00fablico: J\u00f3venes y adultos interesados en el abordaje de ESI Legados Ancestrales realiza un viaje narrativo a trav\u00e9s de diversas situaciones y escenarios que van desde una vida de f\u00fatbol en el conurbano bonaerense saltando hacia la Cordillera de Los Andes con las cholitas escaladoras, entre otros; diez cuentos &hellip; <a href=\"https:\/\/cultura.sma.gob.ar\/?p=2289\" class=\"more-link\">Continue reading <span class=\"screen-reader-text\">Nadia Quant &#8211; &#8220;Legados ancestrales&#8221;<\/span><\/a><\/p>\n","protected":false},"author":1,"featured_media":296,"comment_status":"closed","ping_status":"","sticky":false,"template":"","format":"image","meta":{"footnotes":""},"categories":[3,9],"tags":[67],"class_list":["post-2289","post","type-post","status-publish","format-image","has-post-thumbnail","hentry","category-eventos-cultura","category-ultimas-noticias","tag-feria-del-libro","post_format-post-format-image"],"_links":{"self":[{"href":"https:\/\/cultura.sma.gob.ar\/index.php?rest_route=\/wp\/v2\/posts\/2289","targetHints":{"allow":["GET"]}}],"collection":[{"href":"https:\/\/cultura.sma.gob.ar\/index.php?rest_route=\/wp\/v2\/posts"}],"about":[{"href":"https:\/\/cultura.sma.gob.ar\/index.php?rest_route=\/wp\/v2\/types\/post"}],"author":[{"embeddable":true,"href":"https:\/\/cultura.sma.gob.ar\/index.php?rest_route=\/wp\/v2\/users\/1"}],"replies":[{"embeddable":true,"href":"https:\/\/cultura.sma.gob.ar\/index.php?rest_route=%2Fwp%2Fv2%2Fcomments&post=2289"}],"version-history":[{"count":3,"href":"https:\/\/cultura.sma.gob.ar\/index.php?rest_route=\/wp\/v2\/posts\/2289\/revisions"}],"predecessor-version":[{"id":2557,"href":"https:\/\/cultura.sma.gob.ar\/index.php?rest_route=\/wp\/v2\/posts\/2289\/revisions\/2557"}],"wp:featuredmedia":[{"embeddable":true,"href":"https:\/\/cultura.sma.gob.ar\/index.php?rest_route=\/wp\/v2\/media\/296"}],"wp:attachment":[{"href":"https:\/\/cultura.sma.gob.ar\/index.php?rest_route=%2Fwp%2Fv2%2Fmedia&parent=2289"}],"wp:term":[{"taxonomy":"category","embeddable":true,"href":"https:\/\/cultura.sma.gob.ar\/index.php?rest_route=%2Fwp%2Fv2%2Fcategories&post=2289"},{"taxonomy":"post_tag","embeddable":true,"href":"https:\/\/cultura.sma.gob.ar\/index.php?rest_route=%2Fwp%2Fv2%2Ftags&post=2289"}],"curies":[{"name":"wp","href":"https:\/\/api.w.org\/{rel}","templated":true}]}}