{"id":2285,"date":"2021-10-05T12:38:02","date_gmt":"2021-10-05T15:38:02","guid":{"rendered":"http:\/\/cultura.sma.gob.ar\/?p=2285"},"modified":"2021-10-05T12:38:02","modified_gmt":"2021-10-05T15:38:02","slug":"hector-ordonez-el-libro-secreto","status":"publish","type":"post","link":"https:\/\/cultura.sma.gob.ar\/?p=2285","title":{"rendered":"H\u00e9ctor Ordo\u00f1ez &#8211; &#8220;El libro secreto&#8221;"},"content":{"rendered":"\n<h4 class=\"wp-block-heading\">Jueves 14 de octubre a las 18:30h &#8211; Auditorio Sala Chapitel <\/h4>\n\n\n\n<p>G\u00e9nero: poes\u00eda<br>P\u00fablico: general<\/p>\n\n\n\n<p>El autor considera que dicha obra renuncia a todo sitio seguro y demuestra que el poema puede resistir al hast\u00edo, al abandono y al cansancio de toda expectativa en torno de la palabra.<\/p>\n\n\n\n<p><strong>H\u00e9ctor Ordo\u00f1ez<\/strong> nacido en Chos Malal. Este libro, editado por Espacio Hudson, es el lugar en donde extrema la mayor tentativa del poeta.<\/p>\n","protected":false},"excerpt":{"rendered":"<p>Jueves 14 de octubre a las 18:30h &#8211; Auditorio Sala Chapitel G\u00e9nero: poes\u00edaP\u00fablico: general El autor considera que dicha obra renuncia a todo sitio seguro y demuestra que el poema puede resistir al hast\u00edo, al abandono y al cansancio de toda expectativa en torno de la palabra. H\u00e9ctor Ordo\u00f1ez nacido en Chos Malal. Este libro, editado por Espacio Hudson, es el lugar en donde extrema &hellip; <a href=\"https:\/\/cultura.sma.gob.ar\/?p=2285\" class=\"more-link\">Continue reading <span class=\"screen-reader-text\">H\u00e9ctor Ordo\u00f1ez &#8211; &#8220;El libro secreto&#8221;<\/span><\/a><\/p>\n","protected":false},"author":1,"featured_media":296,"comment_status":"closed","ping_status":"","sticky":false,"template":"","format":"image","meta":{"footnotes":""},"categories":[3,9],"tags":[67],"class_list":["post-2285","post","type-post","status-publish","format-image","has-post-thumbnail","hentry","category-eventos-cultura","category-ultimas-noticias","tag-feria-del-libro","post_format-post-format-image"],"_links":{"self":[{"href":"https:\/\/cultura.sma.gob.ar\/index.php?rest_route=\/wp\/v2\/posts\/2285","targetHints":{"allow":["GET"]}}],"collection":[{"href":"https:\/\/cultura.sma.gob.ar\/index.php?rest_route=\/wp\/v2\/posts"}],"about":[{"href":"https:\/\/cultura.sma.gob.ar\/index.php?rest_route=\/wp\/v2\/types\/post"}],"author":[{"embeddable":true,"href":"https:\/\/cultura.sma.gob.ar\/index.php?rest_route=\/wp\/v2\/users\/1"}],"replies":[{"embeddable":true,"href":"https:\/\/cultura.sma.gob.ar\/index.php?rest_route=%2Fwp%2Fv2%2Fcomments&post=2285"}],"version-history":[{"count":4,"href":"https:\/\/cultura.sma.gob.ar\/index.php?rest_route=\/wp\/v2\/posts\/2285\/revisions"}],"predecessor-version":[{"id":2512,"href":"https:\/\/cultura.sma.gob.ar\/index.php?rest_route=\/wp\/v2\/posts\/2285\/revisions\/2512"}],"wp:featuredmedia":[{"embeddable":true,"href":"https:\/\/cultura.sma.gob.ar\/index.php?rest_route=\/wp\/v2\/media\/296"}],"wp:attachment":[{"href":"https:\/\/cultura.sma.gob.ar\/index.php?rest_route=%2Fwp%2Fv2%2Fmedia&parent=2285"}],"wp:term":[{"taxonomy":"category","embeddable":true,"href":"https:\/\/cultura.sma.gob.ar\/index.php?rest_route=%2Fwp%2Fv2%2Fcategories&post=2285"},{"taxonomy":"post_tag","embeddable":true,"href":"https:\/\/cultura.sma.gob.ar\/index.php?rest_route=%2Fwp%2Fv2%2Ftags&post=2285"}],"curies":[{"name":"wp","href":"https:\/\/api.w.org\/{rel}","templated":true}]}}