{"id":2278,"date":"2021-10-05T14:49:33","date_gmt":"2021-10-05T17:49:33","guid":{"rendered":"http:\/\/cultura.sma.gob.ar\/?p=2278"},"modified":"2021-10-05T14:49:33","modified_gmt":"2021-10-05T17:49:33","slug":"samis-farias-thompson-mi-pasion-el-futbol","status":"publish","type":"post","link":"https:\/\/cultura.sma.gob.ar\/?p=2278","title":{"rendered":"Samis Far\u00edas Thompson &#8211; &#8220;Mi pasi\u00f3n, el futbol&#8221;"},"content":{"rendered":"\n<h4 class=\"wp-block-heading\">Jueves 14 de octubre a las 18hs &#8211; Presentaci\u00f3n Online<\/h4>\n\n\n\n<p>G\u00e9nero: relato<br>P\u00fablico: Infant\u00edl y juvenil.<\/p>\n\n\n\n<p>Es la historia de \u00c9dison Rodr\u00edguez, un ni\u00f1o de 10 a\u00f1os que ama el f\u00fatbol, qui\u00e9n vivir\u00e1 una emocionante &nbsp; aventura junto a sus amigos y compa\u00f1eros de equipo, es una historia enmarcada en la ense\u00f1anza de valores morales a los m\u00e1s peque\u00f1os de la casa, todo bajo la misma historia para los fan\u00e1ticos del deporte rey.<\/p>\n\n\n\n<p><strong>Samis Far\u00edas Thompson<\/strong> estudiante destacado a nivel escolar y escritor m\u00e1s joven de Bolivia, nacido en 2004 en Santa Cruz de la Sierra, Bolivia. Es un referente en el \u00e1mbito local y busca inspirar a otros j\u00f3venes para que as\u00ed puedan empezar a producir sus propias obras in\u00e9ditas. Su libro ha sido vendido alrededor del mundo en pa\u00edses como: Brasil, Paraguay, Uruguay, Estados Unidos y Jap\u00f3n<\/p>\n","protected":false},"excerpt":{"rendered":"<p>Jueves 14 de octubre a las 18hs &#8211; Presentaci\u00f3n Online G\u00e9nero: relatoP\u00fablico: Infant\u00edl y juvenil. Es la historia de \u00c9dison Rodr\u00edguez, un ni\u00f1o de 10 a\u00f1os que ama el f\u00fatbol, qui\u00e9n vivir\u00e1 una emocionante &nbsp; aventura junto a sus amigos y compa\u00f1eros de equipo, es una historia enmarcada en la ense\u00f1anza de valores morales a los m\u00e1s peque\u00f1os de la casa, todo bajo la misma &hellip; <a href=\"https:\/\/cultura.sma.gob.ar\/?p=2278\" class=\"more-link\">Continue reading <span class=\"screen-reader-text\">Samis Far\u00edas Thompson &#8211; &#8220;Mi pasi\u00f3n, el futbol&#8221;<\/span><\/a><\/p>\n","protected":false},"author":1,"featured_media":296,"comment_status":"closed","ping_status":"","sticky":false,"template":"","format":"image","meta":{"footnotes":""},"categories":[3,9],"tags":[67],"class_list":["post-2278","post","type-post","status-publish","format-image","has-post-thumbnail","hentry","category-eventos-cultura","category-ultimas-noticias","tag-feria-del-libro","post_format-post-format-image"],"_links":{"self":[{"href":"https:\/\/cultura.sma.gob.ar\/index.php?rest_route=\/wp\/v2\/posts\/2278","targetHints":{"allow":["GET"]}}],"collection":[{"href":"https:\/\/cultura.sma.gob.ar\/index.php?rest_route=\/wp\/v2\/posts"}],"about":[{"href":"https:\/\/cultura.sma.gob.ar\/index.php?rest_route=\/wp\/v2\/types\/post"}],"author":[{"embeddable":true,"href":"https:\/\/cultura.sma.gob.ar\/index.php?rest_route=\/wp\/v2\/users\/1"}],"replies":[{"embeddable":true,"href":"https:\/\/cultura.sma.gob.ar\/index.php?rest_route=%2Fwp%2Fv2%2Fcomments&post=2278"}],"version-history":[{"count":4,"href":"https:\/\/cultura.sma.gob.ar\/index.php?rest_route=\/wp\/v2\/posts\/2278\/revisions"}],"predecessor-version":[{"id":2566,"href":"https:\/\/cultura.sma.gob.ar\/index.php?rest_route=\/wp\/v2\/posts\/2278\/revisions\/2566"}],"wp:featuredmedia":[{"embeddable":true,"href":"https:\/\/cultura.sma.gob.ar\/index.php?rest_route=\/wp\/v2\/media\/296"}],"wp:attachment":[{"href":"https:\/\/cultura.sma.gob.ar\/index.php?rest_route=%2Fwp%2Fv2%2Fmedia&parent=2278"}],"wp:term":[{"taxonomy":"category","embeddable":true,"href":"https:\/\/cultura.sma.gob.ar\/index.php?rest_route=%2Fwp%2Fv2%2Fcategories&post=2278"},{"taxonomy":"post_tag","embeddable":true,"href":"https:\/\/cultura.sma.gob.ar\/index.php?rest_route=%2Fwp%2Fv2%2Ftags&post=2278"}],"curies":[{"name":"wp","href":"https:\/\/api.w.org\/{rel}","templated":true}]}}