{"id":2275,"date":"2021-10-05T12:25:49","date_gmt":"2021-10-05T15:25:49","guid":{"rendered":"http:\/\/cultura.sma.gob.ar\/?p=2275"},"modified":"2021-10-05T12:25:49","modified_gmt":"2021-10-05T15:25:49","slug":"maia-coletto-el-mundo-oculto-la-estufa-el-fuego-las-hadas","status":"publish","type":"post","link":"https:\/\/cultura.sma.gob.ar\/?p=2275","title":{"rendered":"Maia Coletto &#8211; &#8220;El mundo oculto: la estufa, el fuego, las hadas&#8221;"},"content":{"rendered":"\n<h4 class=\"wp-block-heading\">Mi\u00e9rcoles 13 de octubre a las 18:30hs &#8211; Auditorio Sala Chapitel<\/h4>\n\n\n\n<p>G\u00e9nero: Narrativa infantil y juvenil.<br>Publico: infantil\/ juvenil<br><br>En esta oportunidad Maia Coletto nos presenta la historia de L\u00eda, una ni\u00f1a que<br>se enfrentar\u00e1 repentinamente y sin buscarlo a una grave problem\u00e1tica en un<br>universo nuevo y desconocido para ella. Sin embargo, ese recorrido a veces<br>demasiado complicado, la ayudar\u00e1 a conocerse mejor como persona, y<br>tambi\u00e9n te abrir\u00e1 a vos las puertas al mundo de las reflexiones sobre los<br>desaf\u00edos que la vida te propone y las fuerzas que se necesitan para salir<br>adelante. Magia y cambios en el aire. Un nuevo mundo, el de las hadas,<br>magn\u00edfico y extra\u00f1o al mismo tiempo, te espera en las p\u00e1ginas de este libro.<br><br>&#8220;Me llamo Maia, y tengo 14 a\u00f1os. Me considero loca, como toda pisciana, llena<br>de hormigas e inquieta, siempre tengo que hacer algo. Me encanta escribir<br>para plasmar mis pensamientos, para expresarme y para quedar registrada<br>como un recuerdo de la eternidad. La vida es s\u00f3lo una, y hay que aprovecharla<br>para crear la mejor versi\u00f3n nuestra. Aprovecho para agregar que tengo muchos<br>sue\u00f1os y trabajo para concretarlos, vivir sin esperanzas no tiene gracia.<br>Mi primer libro comenc\u00e9 a escribirlo durante un corte largu\u00edsimo de luz. Mi<br>computadora estaba con bater\u00eda y afuera nevaba mucho. Entonces, viviendo<br>ese momento tan especial, me puse a escribir y no pude parar. Por eso<br>aparecen la estufa y el fuego, es lo que ve\u00eda en mi casa, y luego lo conect\u00e9 con<br>el mundo de las hadas, que desde siempre me apasiona.&#8221;<\/p>\n","protected":false},"excerpt":{"rendered":"<p>Mi\u00e9rcoles 13 de octubre a las 18:30hs &#8211; Auditorio Sala Chapitel G\u00e9nero: Narrativa infantil y juvenil.Publico: infantil\/ juvenil En esta oportunidad Maia Coletto nos presenta la historia de L\u00eda, una ni\u00f1a quese enfrentar\u00e1 repentinamente y sin buscarlo a una grave problem\u00e1tica en ununiverso nuevo y desconocido para ella. Sin embargo, ese recorrido a vecesdemasiado complicado, la ayudar\u00e1 a conocerse mejor como persona, ytambi\u00e9n te abrir\u00e1 &hellip; <a href=\"https:\/\/cultura.sma.gob.ar\/?p=2275\" class=\"more-link\">Continue reading <span class=\"screen-reader-text\">Maia Coletto &#8211; &#8220;El mundo oculto: la estufa, el fuego, las hadas&#8221;<\/span><\/a><\/p>\n","protected":false},"author":1,"featured_media":296,"comment_status":"closed","ping_status":"","sticky":false,"template":"","format":"image","meta":{"footnotes":""},"categories":[3,9],"tags":[67],"class_list":["post-2275","post","type-post","status-publish","format-image","has-post-thumbnail","hentry","category-eventos-cultura","category-ultimas-noticias","tag-feria-del-libro","post_format-post-format-image"],"_links":{"self":[{"href":"https:\/\/cultura.sma.gob.ar\/index.php?rest_route=\/wp\/v2\/posts\/2275","targetHints":{"allow":["GET"]}}],"collection":[{"href":"https:\/\/cultura.sma.gob.ar\/index.php?rest_route=\/wp\/v2\/posts"}],"about":[{"href":"https:\/\/cultura.sma.gob.ar\/index.php?rest_route=\/wp\/v2\/types\/post"}],"author":[{"embeddable":true,"href":"https:\/\/cultura.sma.gob.ar\/index.php?rest_route=\/wp\/v2\/users\/1"}],"replies":[{"embeddable":true,"href":"https:\/\/cultura.sma.gob.ar\/index.php?rest_route=%2Fwp%2Fv2%2Fcomments&post=2275"}],"version-history":[{"count":2,"href":"https:\/\/cultura.sma.gob.ar\/index.php?rest_route=\/wp\/v2\/posts\/2275\/revisions"}],"predecessor-version":[{"id":2504,"href":"https:\/\/cultura.sma.gob.ar\/index.php?rest_route=\/wp\/v2\/posts\/2275\/revisions\/2504"}],"wp:featuredmedia":[{"embeddable":true,"href":"https:\/\/cultura.sma.gob.ar\/index.php?rest_route=\/wp\/v2\/media\/296"}],"wp:attachment":[{"href":"https:\/\/cultura.sma.gob.ar\/index.php?rest_route=%2Fwp%2Fv2%2Fmedia&parent=2275"}],"wp:term":[{"taxonomy":"category","embeddable":true,"href":"https:\/\/cultura.sma.gob.ar\/index.php?rest_route=%2Fwp%2Fv2%2Fcategories&post=2275"},{"taxonomy":"post_tag","embeddable":true,"href":"https:\/\/cultura.sma.gob.ar\/index.php?rest_route=%2Fwp%2Fv2%2Ftags&post=2275"}],"curies":[{"name":"wp","href":"https:\/\/api.w.org\/{rel}","templated":true}]}}