{"id":2273,"date":"2021-10-05T11:53:34","date_gmt":"2021-10-05T14:53:34","guid":{"rendered":"http:\/\/cultura.sma.gob.ar\/?p=2273"},"modified":"2021-10-05T11:53:34","modified_gmt":"2021-10-05T14:53:34","slug":"rafael-urretabizkaya-la-sirena-del-chocon","status":"publish","type":"post","link":"https:\/\/cultura.sma.gob.ar\/?p=2273","title":{"rendered":"Rafael Urretabizkaya &#8211; &#8220;La sirena del Choc\u00f3n&#8221;"},"content":{"rendered":"\n<h4 class=\"wp-block-heading\">Martes 12 de octubre a las 17hs &#8211; Auditorio Sala Chapitel<\/h4>\n\n\n\n<p>G\u00e9nero: Poesia<br>Publico: General<br><br>&#8220;Un d\u00eda me dijo Oscar Sar\u00e1n, uno de los primeros ni\u00f1os en nacer en la villa<br>Choc\u00f3n-Cerros Colorados, que cuando sonaba \u201cla sirena\u201d hab\u00eda ocurrido un<br>accidente, tal vez fatal.<br>Me acord\u00e9 de lo que aprend\u00ed con \u201cMar Muerto\u201d, el libro de Jorge Amado, sobre<br>Yemanj\u00e1 en Brasil o alg\u00fan pa\u00eds africano llev\u00e1ndose los pescadores. Dejando<br>dolor y tambi\u00e9n la certeza de que les esperaba una dicha eterna junto a ella.<br>Pens\u00e9 una dicha eterna y criolla para nuestros obreros.<br>Los que de todas las provincias vinieron a la \u201cobra del siglo\u201d que prometi\u00f3 la<br>dictadura de Ongan\u00eda y que al llegar se encontraron con condiciones abusivas<br>que derivaron en el \u00e9pico Choconazo.&#8221;<br><br><strong>Rafael Urretabizkaya<\/strong> naci\u00f3 en Dolores el 8 de octubre de 1963 y viv\u00e9 en San<br>Mart\u00edn de los Andes y zonas rurales desde 1983. Public\u00f3 libros de cuentos,<br>novela, poes\u00eda, ensayo, obras para t\u00edteres y canciones junto a diversos artistas.<br>&#8220;Justo ayer aprend\u00ed que todo se compone de azar y necesidad. Sab\u00eda de antes<br>lo que dice Walsh que \u201cescribir es escuchar\u201d, expresa el poeta.<\/p>\n","protected":false},"excerpt":{"rendered":"<p>Martes 12 de octubre a las 17hs &#8211; Auditorio Sala Chapitel G\u00e9nero: PoesiaPublico: General &#8220;Un d\u00eda me dijo Oscar Sar\u00e1n, uno de los primeros ni\u00f1os en nacer en la villaChoc\u00f3n-Cerros Colorados, que cuando sonaba \u201cla sirena\u201d hab\u00eda ocurrido unaccidente, tal vez fatal.Me acord\u00e9 de lo que aprend\u00ed con \u201cMar Muerto\u201d, el libro de Jorge Amado, sobreYemanj\u00e1 en Brasil o alg\u00fan pa\u00eds africano llev\u00e1ndose los pescadores. &hellip; <a href=\"https:\/\/cultura.sma.gob.ar\/?p=2273\" class=\"more-link\">Continue reading <span class=\"screen-reader-text\">Rafael Urretabizkaya &#8211; &#8220;La sirena del Choc\u00f3n&#8221;<\/span><\/a><\/p>\n","protected":false},"author":1,"featured_media":296,"comment_status":"closed","ping_status":"","sticky":false,"template":"","format":"image","meta":{"footnotes":""},"categories":[3,9],"tags":[67],"class_list":["post-2273","post","type-post","status-publish","format-image","has-post-thumbnail","hentry","category-eventos-cultura","category-ultimas-noticias","tag-feria-del-libro","post_format-post-format-image"],"_links":{"self":[{"href":"https:\/\/cultura.sma.gob.ar\/index.php?rest_route=\/wp\/v2\/posts\/2273","targetHints":{"allow":["GET"]}}],"collection":[{"href":"https:\/\/cultura.sma.gob.ar\/index.php?rest_route=\/wp\/v2\/posts"}],"about":[{"href":"https:\/\/cultura.sma.gob.ar\/index.php?rest_route=\/wp\/v2\/types\/post"}],"author":[{"embeddable":true,"href":"https:\/\/cultura.sma.gob.ar\/index.php?rest_route=\/wp\/v2\/users\/1"}],"replies":[{"embeddable":true,"href":"https:\/\/cultura.sma.gob.ar\/index.php?rest_route=%2Fwp%2Fv2%2Fcomments&post=2273"}],"version-history":[{"count":2,"href":"https:\/\/cultura.sma.gob.ar\/index.php?rest_route=\/wp\/v2\/posts\/2273\/revisions"}],"predecessor-version":[{"id":2485,"href":"https:\/\/cultura.sma.gob.ar\/index.php?rest_route=\/wp\/v2\/posts\/2273\/revisions\/2485"}],"wp:featuredmedia":[{"embeddable":true,"href":"https:\/\/cultura.sma.gob.ar\/index.php?rest_route=\/wp\/v2\/media\/296"}],"wp:attachment":[{"href":"https:\/\/cultura.sma.gob.ar\/index.php?rest_route=%2Fwp%2Fv2%2Fmedia&parent=2273"}],"wp:term":[{"taxonomy":"category","embeddable":true,"href":"https:\/\/cultura.sma.gob.ar\/index.php?rest_route=%2Fwp%2Fv2%2Fcategories&post=2273"},{"taxonomy":"post_tag","embeddable":true,"href":"https:\/\/cultura.sma.gob.ar\/index.php?rest_route=%2Fwp%2Fv2%2Ftags&post=2273"}],"curies":[{"name":"wp","href":"https:\/\/api.w.org\/{rel}","templated":true}]}}