{"id":2268,"date":"2021-10-05T11:41:30","date_gmt":"2021-10-05T14:41:30","guid":{"rendered":"http:\/\/cultura.sma.gob.ar\/?p=2268"},"modified":"2021-10-05T11:41:30","modified_gmt":"2021-10-05T14:41:30","slug":"jorge-marquez-el-hombre-del-sombrero-de-fieltro","status":"publish","type":"post","link":"https:\/\/cultura.sma.gob.ar\/?p=2268","title":{"rendered":"Jorge M\u00e1rquez &#8211; &#8220;El hombre del sombrero de fieltro&#8221;"},"content":{"rendered":"\n<h4 class=\"wp-block-heading\">Lunes 11 de octubre, 19:30hs, Auditorio Sala Chapitel<\/h4>\n\n\n\n<p>Organiza: La Palestra Ediciones<\/p>\n\n\n\n<p>G\u00e9nero: Literatura, narrativa<br>Publico: General<br><br>En este libro te vas a encontrar con historias duras, de muertes, dolor, sangre y<br>gritos de desesperaci\u00f3n\u2026 Relatos cubiertos por una sombra que presagia<br>peligros. Sin embargo, m\u00e1s all\u00e1 de esta atm\u00f3sfera siniestra que envuelve<br>algunas de las historias, cual r\u00edo subterr\u00e1neo que corre a contracorriente de la<br>marea superficial, otra fuerza se evidencia brindado un equilibrio. En los<br>cuentos m\u00e1s intimistas, m\u00e1s cercanos al escritor, surge el tema del Amor, el<br>verdadero, el que todo lo sostiene, el que es refugio. El hombre del sombrero de fieltro, es una colecci\u00f3n de cuentos terriblemente crueles, incre\u00edblemente realistas, profundamente rom\u00e1nticos.<br><br><strong>Jorge Norberto M\u00e1rquez <\/strong>naci\u00f3 en 1957 en Toay y a la semana, junto a su<br>madre adoptiva, se fue a vivir a Buenos Aires. Creci\u00f3 en el barrio de Floresta.<br>Se licenci\u00f3 en Enfermer\u00eda en la UBA y se especializ\u00f3 en Salud P\u00fablica en la<br>Universidad del Comahue. En 1986 se mud\u00f3 con su familia a San Mart\u00edn de los<br>Andes. Hoy, disfruta de su jubilaci\u00f3n y pasa las horas en compa\u00f1\u00eda de su<br>esposa, nietas, hijos, lectura y escritura. En esta incipiente carrera literaria<br>recibi\u00f3 el primer premio y una menci\u00f3n en el IX concurso literario del CEM<br>(2018); ese mismo a\u00f1o, \u00abLa grieta\u00bb fue preseleccionado en el concurso<br>municipal \u00abCuenta Buenos Aires\u00bb y, en 2020 obtuvo una menci\u00f3n por el cuento<br>\u00abSolo un clic\u00bb en el XII concurso literario del CEM.<br>Con su primer libro llevar al p\u00fablico su imaginaci\u00f3n entremezclada con su vida,<br>sus experiencias y sus sentimientos.<\/p>\n","protected":false},"excerpt":{"rendered":"<p>Lunes 11 de octubre, 19:30hs, Auditorio Sala Chapitel Organiza: La Palestra Ediciones G\u00e9nero: Literatura, narrativaPublico: General En este libro te vas a encontrar con historias duras, de muertes, dolor, sangre ygritos de desesperaci\u00f3n\u2026 Relatos cubiertos por una sombra que presagiapeligros. Sin embargo, m\u00e1s all\u00e1 de esta atm\u00f3sfera siniestra que envuelvealgunas de las historias, cual r\u00edo subterr\u00e1neo que corre a contracorriente de lamarea superficial, otra fuerza &hellip; <a href=\"https:\/\/cultura.sma.gob.ar\/?p=2268\" class=\"more-link\">Continue reading <span class=\"screen-reader-text\">Jorge M\u00e1rquez &#8211; &#8220;El hombre del sombrero de fieltro&#8221;<\/span><\/a><\/p>\n","protected":false},"author":1,"featured_media":296,"comment_status":"closed","ping_status":"","sticky":false,"template":"","format":"image","meta":{"footnotes":""},"categories":[3,9],"tags":[67],"class_list":["post-2268","post","type-post","status-publish","format-image","has-post-thumbnail","hentry","category-eventos-cultura","category-ultimas-noticias","tag-feria-del-libro","post_format-post-format-image"],"_links":{"self":[{"href":"https:\/\/cultura.sma.gob.ar\/index.php?rest_route=\/wp\/v2\/posts\/2268","targetHints":{"allow":["GET"]}}],"collection":[{"href":"https:\/\/cultura.sma.gob.ar\/index.php?rest_route=\/wp\/v2\/posts"}],"about":[{"href":"https:\/\/cultura.sma.gob.ar\/index.php?rest_route=\/wp\/v2\/types\/post"}],"author":[{"embeddable":true,"href":"https:\/\/cultura.sma.gob.ar\/index.php?rest_route=\/wp\/v2\/users\/1"}],"replies":[{"embeddable":true,"href":"https:\/\/cultura.sma.gob.ar\/index.php?rest_route=%2Fwp%2Fv2%2Fcomments&post=2268"}],"version-history":[{"count":3,"href":"https:\/\/cultura.sma.gob.ar\/index.php?rest_route=\/wp\/v2\/posts\/2268\/revisions"}],"predecessor-version":[{"id":2477,"href":"https:\/\/cultura.sma.gob.ar\/index.php?rest_route=\/wp\/v2\/posts\/2268\/revisions\/2477"}],"wp:featuredmedia":[{"embeddable":true,"href":"https:\/\/cultura.sma.gob.ar\/index.php?rest_route=\/wp\/v2\/media\/296"}],"wp:attachment":[{"href":"https:\/\/cultura.sma.gob.ar\/index.php?rest_route=%2Fwp%2Fv2%2Fmedia&parent=2268"}],"wp:term":[{"taxonomy":"category","embeddable":true,"href":"https:\/\/cultura.sma.gob.ar\/index.php?rest_route=%2Fwp%2Fv2%2Fcategories&post=2268"},{"taxonomy":"post_tag","embeddable":true,"href":"https:\/\/cultura.sma.gob.ar\/index.php?rest_route=%2Fwp%2Fv2%2Ftags&post=2268"}],"curies":[{"name":"wp","href":"https:\/\/api.w.org\/{rel}","templated":true}]}}