{"id":2264,"date":"2021-10-05T12:44:15","date_gmt":"2021-10-05T15:44:15","guid":{"rendered":"http:\/\/cultura.sma.gob.ar\/?p=2264"},"modified":"2021-10-05T12:44:15","modified_gmt":"2021-10-05T15:44:15","slug":"pablo-montanaro-fuerte-al-medio","status":"publish","type":"post","link":"https:\/\/cultura.sma.gob.ar\/?p=2264","title":{"rendered":"Pablo Montanaro &#8211; &#8220;Fuerte al medio&#8221;"},"content":{"rendered":"\n<h4 class=\"wp-block-heading\">Jueves 14 de octubre a las 21hs  &#8211; Auditorio Sala Chapitel<\/h4>\n\n\n\n<p>G\u00e9nero: Relatos<br>Publico: General<br><br>Este libro re\u00fane textos, relatos e historias futboleras escritos por veinte<br>periodistas, escritores y escritoras de Neuqu\u00e9n y R\u00edo Negro en los cuales<br>reflejan su pasi\u00f3n futbolera, suscribiendo la idea del escritor uruguayo Eduardo<br>Galeano que el f\u00fatbol expresa \u201cemociones colectivas\u201d.<\/p>\n","protected":false},"excerpt":{"rendered":"<p>Jueves 14 de octubre a las 21hs &#8211; Auditorio Sala Chapitel G\u00e9nero: RelatosPublico: General Este libro re\u00fane textos, relatos e historias futboleras escritos por veinteperiodistas, escritores y escritoras de Neuqu\u00e9n y R\u00edo Negro en los cualesreflejan su pasi\u00f3n futbolera, suscribiendo la idea del escritor uruguayo EduardoGaleano que el f\u00fatbol expresa \u201cemociones colectivas\u201d. <a href=\"https:\/\/cultura.sma.gob.ar\/?p=2264\" class=\"more-link\">Continue reading <span class=\"screen-reader-text\">Pablo Montanaro &#8211; &#8220;Fuerte al medio&#8221;<\/span><\/a><\/p>\n","protected":false},"author":1,"featured_media":296,"comment_status":"closed","ping_status":"","sticky":false,"template":"","format":"image","meta":{"footnotes":""},"categories":[3,9],"tags":[67],"class_list":["post-2264","post","type-post","status-publish","format-image","has-post-thumbnail","hentry","category-eventos-cultura","category-ultimas-noticias","tag-feria-del-libro","post_format-post-format-image"],"_links":{"self":[{"href":"https:\/\/cultura.sma.gob.ar\/index.php?rest_route=\/wp\/v2\/posts\/2264","targetHints":{"allow":["GET"]}}],"collection":[{"href":"https:\/\/cultura.sma.gob.ar\/index.php?rest_route=\/wp\/v2\/posts"}],"about":[{"href":"https:\/\/cultura.sma.gob.ar\/index.php?rest_route=\/wp\/v2\/types\/post"}],"author":[{"embeddable":true,"href":"https:\/\/cultura.sma.gob.ar\/index.php?rest_route=\/wp\/v2\/users\/1"}],"replies":[{"embeddable":true,"href":"https:\/\/cultura.sma.gob.ar\/index.php?rest_route=%2Fwp%2Fv2%2Fcomments&post=2264"}],"version-history":[{"count":2,"href":"https:\/\/cultura.sma.gob.ar\/index.php?rest_route=\/wp\/v2\/posts\/2264\/revisions"}],"predecessor-version":[{"id":2515,"href":"https:\/\/cultura.sma.gob.ar\/index.php?rest_route=\/wp\/v2\/posts\/2264\/revisions\/2515"}],"wp:featuredmedia":[{"embeddable":true,"href":"https:\/\/cultura.sma.gob.ar\/index.php?rest_route=\/wp\/v2\/media\/296"}],"wp:attachment":[{"href":"https:\/\/cultura.sma.gob.ar\/index.php?rest_route=%2Fwp%2Fv2%2Fmedia&parent=2264"}],"wp:term":[{"taxonomy":"category","embeddable":true,"href":"https:\/\/cultura.sma.gob.ar\/index.php?rest_route=%2Fwp%2Fv2%2Fcategories&post=2264"},{"taxonomy":"post_tag","embeddable":true,"href":"https:\/\/cultura.sma.gob.ar\/index.php?rest_route=%2Fwp%2Fv2%2Ftags&post=2264"}],"curies":[{"name":"wp","href":"https:\/\/api.w.org\/{rel}","templated":true}]}}