{"id":2261,"date":"2021-10-05T13:46:18","date_gmt":"2021-10-05T16:46:18","guid":{"rendered":"http:\/\/cultura.sma.gob.ar\/?p=2261"},"modified":"2021-10-05T13:46:18","modified_gmt":"2021-10-05T16:46:18","slug":"maria-martha-paz-piedras-y-manzanas","status":"publish","type":"post","link":"https:\/\/cultura.sma.gob.ar\/?p=2261","title":{"rendered":"Mar\u00eda Martha Paz &#8211; &#8220;Piedras y Manzanas&#8221;"},"content":{"rendered":"\n<h4 class=\"wp-block-heading\">Domingo 17 de octubre a las 17hs &#8211; Auditorio Sala Chapitel<\/h4>\n\n\n\n<p>G\u00e9nero: Novela infantil<br>Publico: infantil\/ juvenil<br><br>Una ficci\u00f3n que trata sobre la aventura de tres ni\u00f1as y cuatro ni\u00f1os rasgada por<br>la historia de dos contextos: el de la conquista y el de la interculturalidad.<br>Los siete personajes de \u201cPiedras y manzanas\u201d son huincas y mapuche que<br>comparten un viaje en el tiempo a trav\u00e9s del agua, elemento primordial de la vida<br>y comienzo de todo. Por ello la elecci\u00f3n del a\u00f1o al que llegar\u00e1n los<br>personajes (1898), no es casual, es el de la fundaci\u00f3n de la ciudad de San<br>Mart\u00edn de los Andes por el Ej\u00e9rcito Argentino.<br>La narraci\u00f3n es sencilla, Mar\u00eda Martha jam\u00e1s busca desplegar el abuso<br>intelectual del lenguaje, por eso es que sus historias atrapan de modo singular a<br>todas las edades. La historia posee una complejidad en s\u00ed misma, personajes de<br>dos culturas relacionadas de un modo en 2021, se encuentran con otra cultura,<br>la del conquistador de fines de siglo XIX.<br>La autora de \u201cSue\u00f1os enredados\u201d hace que los personajes no se enfrenten con<br>el Ej\u00e9rcito, sino que deja que los a\u00f1os (o sea el tiempo), sea el que le d\u00e9 la raz\u00f3n<br>a quienes sufrieron persecuci\u00f3n, asesinato, destierro y esclavismo. El soporte de esta novela est\u00e1 en el humanismo.<br><br><strong>Mar\u00eda Martha Paz <\/strong>es docente biling\u00fce y escritora que estudi\u00f3 la carrera de<br>Letras en la UBA y vive en la Patagonia hace 17 a\u00f1os. Algunos de sus cuentos<br>recibieron premios en diferentes concursos y fueron publicados en Argentina,<br>Chile, M\u00e9xico y Per\u00fa. Sus poes\u00edas \u201cCaf\u00e9\u201d y \u201cHoy voy a ser normal\u201d fueron<br>traducidas al portugu\u00e9s en la UNCO. Public\u00f3 tres novelas con Ediciones de la<br>Grieta: \u201cC\u00edclopes del mar\u201d, \u201cElla sabe\u201d y \u201cSue\u00f1os enredados\u201d, esta \u00faltima<br>seleccionada para el Plan Nacional de Lecturas 2021. Particip\u00f3 de encuentros<br>literarios en Buenos Aires y la Patagonia argentina y chilena. Public\u00f3 tres<br>libros-\u00e1lbum con dise\u00f1o de Sabina N\u00f3: \u201cUn camino y un secreto\u201d con<br>ilustraciones de Carina Redi; \u201cHilos\u201d con ilustraciones de Ana Paula Luberti y<br>\u201cDu\u00e9rmete, pichikeche\u201d de la Colecci\u00f3n Todas las abuelas cantan a sus nietos,<br>con La Punta del ovillo, Editorial patag\u00f3nica para las Infancias, proyecto<br>ganador por la provincia de Neuqu\u00e9n de la beca del Concejo Federal de<br>Culturas 2021.<\/p>\n","protected":false},"excerpt":{"rendered":"<p>Domingo 17 de octubre a las 17hs &#8211; Auditorio Sala Chapitel G\u00e9nero: Novela infantilPublico: infantil\/ juvenil Una ficci\u00f3n que trata sobre la aventura de tres ni\u00f1as y cuatro ni\u00f1os rasgada porla historia de dos contextos: el de la conquista y el de la interculturalidad.Los siete personajes de \u201cPiedras y manzanas\u201d son huincas y mapuche quecomparten un viaje en el tiempo a trav\u00e9s del agua, elemento &hellip; <a href=\"https:\/\/cultura.sma.gob.ar\/?p=2261\" class=\"more-link\">Continue reading <span class=\"screen-reader-text\">Mar\u00eda Martha Paz &#8211; &#8220;Piedras y Manzanas&#8221;<\/span><\/a><\/p>\n","protected":false},"author":1,"featured_media":296,"comment_status":"closed","ping_status":"","sticky":false,"template":"","format":"image","meta":{"footnotes":""},"categories":[3,9],"tags":[67],"class_list":["post-2261","post","type-post","status-publish","format-image","has-post-thumbnail","hentry","category-eventos-cultura","category-ultimas-noticias","tag-feria-del-libro","post_format-post-format-image"],"_links":{"self":[{"href":"https:\/\/cultura.sma.gob.ar\/index.php?rest_route=\/wp\/v2\/posts\/2261","targetHints":{"allow":["GET"]}}],"collection":[{"href":"https:\/\/cultura.sma.gob.ar\/index.php?rest_route=\/wp\/v2\/posts"}],"about":[{"href":"https:\/\/cultura.sma.gob.ar\/index.php?rest_route=\/wp\/v2\/types\/post"}],"author":[{"embeddable":true,"href":"https:\/\/cultura.sma.gob.ar\/index.php?rest_route=\/wp\/v2\/users\/1"}],"replies":[{"embeddable":true,"href":"https:\/\/cultura.sma.gob.ar\/index.php?rest_route=%2Fwp%2Fv2%2Fcomments&post=2261"}],"version-history":[{"count":3,"href":"https:\/\/cultura.sma.gob.ar\/index.php?rest_route=\/wp\/v2\/posts\/2261\/revisions"}],"predecessor-version":[{"id":2538,"href":"https:\/\/cultura.sma.gob.ar\/index.php?rest_route=\/wp\/v2\/posts\/2261\/revisions\/2538"}],"wp:featuredmedia":[{"embeddable":true,"href":"https:\/\/cultura.sma.gob.ar\/index.php?rest_route=\/wp\/v2\/media\/296"}],"wp:attachment":[{"href":"https:\/\/cultura.sma.gob.ar\/index.php?rest_route=%2Fwp%2Fv2%2Fmedia&parent=2261"}],"wp:term":[{"taxonomy":"category","embeddable":true,"href":"https:\/\/cultura.sma.gob.ar\/index.php?rest_route=%2Fwp%2Fv2%2Fcategories&post=2261"},{"taxonomy":"post_tag","embeddable":true,"href":"https:\/\/cultura.sma.gob.ar\/index.php?rest_route=%2Fwp%2Fv2%2Ftags&post=2261"}],"curies":[{"name":"wp","href":"https:\/\/api.w.org\/{rel}","templated":true}]}}