{"id":226,"date":"2020-08-26T15:34:05","date_gmt":"2020-08-26T15:34:05","guid":{"rendered":"https:\/\/culturasma.wordpress.com\/?p=226"},"modified":"2020-09-24T19:58:45","modified_gmt":"2020-09-24T22:58:45","slug":"la-sala-lidaura-chapitel-reabre-sus-puertas-con-la-muestra-fotografica-de-matias-quirno-costa","status":"publish","type":"post","link":"https:\/\/cultura.sma.gob.ar\/?p=226","title":{"rendered":"La Sala Lidaura Chapitel reabre sus puertas con la muestra fotogr\u00e1fica de Mat\u00edas Quirno Costa"},"content":{"rendered":"\n<figure class=\"wp-block-image size-large\"><img decoding=\"async\" src=\"https:\/\/culturasma.files.wordpress.com\/2020\/08\/expo-matias-nuevo-02.jpg?w=1024\" alt=\"\" class=\"wp-image-228\"\/><\/figure>\n\n\n\n<p>La Secretar\u00eda de Cultura informa la reapertura al p\u00fablico de la sala Lidaura Chapitel <strong>desde el lunes 27 de julio<\/strong>, con la exposici\u00f3n &#8220;<strong>Refugiados: la ruta del mar Egeo<\/strong>&#8220;, del fot\u00f3grafo Mat\u00edas Quirno Costa.<\/p>\n\n\n\n<p>El horario de visitas de la sala ser\u00e1 de <strong>lunes a viernes de 16 a 19 hs<\/strong>. Al igual que en otros espacios de uso compartido, las personas que ingresen deber\u00e1n hacerlo <strong>con mascarilla<\/strong> y se permitir\u00e1 la presencia de <strong>hasta 10 personas por vez<\/strong>.<\/p>\n\n\n\n<p>\u00a0Esta muestra, que ya hab\u00eda sido presentada en forma abreviada a trav\u00e9s de una <a href=\"https:\/\/www.youtube.com\/watch?v=6BM0inFmVws&amp;t=99s&amp;ab_channel=CulturaSMAndes\">visita guiada virtual<\/a>, en el canal de Youtube <em>Cultura SMAndes<\/em>, ahora podr\u00e1 ser recorrida en forma presencial.<\/p>\n\n\n\n<p>Se trata de una colecci\u00f3n de fotograf\u00edas period\u00edsticas tomadas en Siria y Grecia, registrando los movimientos migratorios de los refugiados que escapan de los conflictos armados y la pobreza.<\/p>\n\n\n\n<p>&nbsp;La reapertura de la sala se realiz\u00f3 a puertas cerradas, el pasado viernes, con la presencia del intendente Carlos Saloniti, la concejal Fernanda Gonz\u00e1lez, el secretario de Cultura Gustavo Santos y un grupo de familiares del artista.<\/p>\n\n\n\n<p>El fot\u00f3grafo Mat\u00edas Quirno Costa ofrece <strong>visitas guiadas<\/strong> a grupos de hasta 10 personas, todos los jueves a las 16:30 hs. Para participar en estas visitas se requiere inscribirse previamente a trav\u00e9s del mail sala.chapitel@smandes.gov.ar<\/p>\n","protected":false},"excerpt":{"rendered":"<p>Muestra fotogr\u00e1fica y visitas guiadas por el artista. <a href=\"https:\/\/cultura.sma.gob.ar\/?p=226\" class=\"more-link\">Continue reading <span class=\"screen-reader-text\">La Sala Lidaura Chapitel reabre sus puertas con la muestra fotogr\u00e1fica de Mat\u00edas Quirno Costa<\/span><\/a><\/p>\n","protected":false},"author":3,"featured_media":295,"comment_status":"closed","ping_status":"closed","sticky":false,"template":"","format":"image","meta":{"footnotes":""},"categories":[6,9],"tags":[13,14],"class_list":["post-226","post","type-post","status-publish","format-image","has-post-thumbnail","hentry","category-sala-lidaura-chapitel","category-ultimas-noticias","tag-artistas-locales","tag-artistas-visuales","post_format-post-format-image"],"_links":{"self":[{"href":"https:\/\/cultura.sma.gob.ar\/index.php?rest_route=\/wp\/v2\/posts\/226","targetHints":{"allow":["GET"]}}],"collection":[{"href":"https:\/\/cultura.sma.gob.ar\/index.php?rest_route=\/wp\/v2\/posts"}],"about":[{"href":"https:\/\/cultura.sma.gob.ar\/index.php?rest_route=\/wp\/v2\/types\/post"}],"author":[{"embeddable":true,"href":"https:\/\/cultura.sma.gob.ar\/index.php?rest_route=\/wp\/v2\/users\/3"}],"replies":[{"embeddable":true,"href":"https:\/\/cultura.sma.gob.ar\/index.php?rest_route=%2Fwp%2Fv2%2Fcomments&post=226"}],"version-history":[{"count":2,"href":"https:\/\/cultura.sma.gob.ar\/index.php?rest_route=\/wp\/v2\/posts\/226\/revisions"}],"predecessor-version":[{"id":313,"href":"https:\/\/cultura.sma.gob.ar\/index.php?rest_route=\/wp\/v2\/posts\/226\/revisions\/313"}],"wp:featuredmedia":[{"embeddable":true,"href":"https:\/\/cultura.sma.gob.ar\/index.php?rest_route=\/wp\/v2\/media\/295"}],"wp:attachment":[{"href":"https:\/\/cultura.sma.gob.ar\/index.php?rest_route=%2Fwp%2Fv2%2Fmedia&parent=226"}],"wp:term":[{"taxonomy":"category","embeddable":true,"href":"https:\/\/cultura.sma.gob.ar\/index.php?rest_route=%2Fwp%2Fv2%2Fcategories&post=226"},{"taxonomy":"post_tag","embeddable":true,"href":"https:\/\/cultura.sma.gob.ar\/index.php?rest_route=%2Fwp%2Fv2%2Ftags&post=226"}],"curies":[{"name":"wp","href":"https:\/\/api.w.org\/{rel}","templated":true}]}}