{"id":2259,"date":"2021-10-05T13:50:18","date_gmt":"2021-10-05T16:50:18","guid":{"rendered":"http:\/\/cultura.sma.gob.ar\/?p=2259"},"modified":"2021-10-05T13:50:18","modified_gmt":"2021-10-05T16:50:18","slug":"julia-rozemberg-eva-y-las-mujeres-histora-de-una-irreverencia","status":"publish","type":"post","link":"https:\/\/cultura.sma.gob.ar\/?p=2259","title":{"rendered":"Julia Rozemberg &#8211; &#8220;Eva y las mujeres: Histora de una irreverencia&#8221;"},"content":{"rendered":"\n<h4 class=\"wp-block-heading\">Domingo 17 de octubre a las 19hs &#8211; Auditorio Sala Chapitel<\/h4>\n\n\n\n<p>Organiza BP Ruca Trab\u00fan<\/p>\n\n\n\n<p>G\u00e9nero: Ensayo Hist\u00f3rico<br>Publico: General<br><br>Resulta sorprendente que las obras y lecturas sobre Eva hayan solapado la<br>r\u00e1pida y masiva politizaci\u00f3n de miles y miles de mujeres a mediados del siglo<br>XX. Eva Per\u00f3n fund\u00f3 y dirigi\u00f3 un partido pol\u00edtico, fue clave en la sanci\u00f3n de la<br>ley de derechos pol\u00edticos y hasta se atrevi\u00f3 a decir que el trabajo de las amas<br>de casa deb\u00eda ser remunerado. \u00bfSe trat\u00f3 de una forma sui generis de<br>feminismo? \u00bfHubo una tensi\u00f3n entre aspectos tradicionales y rupturistas en<br>medio de los a\u00f1os peronistas? Sin dudas, la historia de Eva y las mujeres, es<br>una historia de irreverencia.<br><br><strong>Julia Rosemberg <\/strong>naci\u00f3 en 1984 en Buenos Aires, estudio la carrera de historia<br>en la Universidad de Buenos Aires y es, fundamentalmente, docente en<br>universidades p\u00fablicas y en capacitaci\u00f3n docente. Trabajo en canal encuentro,<br>canal 7 y el Archivos Hist\u00f3rico de RTA (Archivo Prisma). En 2011 public\u00f3 un<br>libro junto a Mat\u00edas Far\u00edas titulado \u201cConversaciones del Bicentenario. Historia y<br>pol\u00edtica en los a\u00f1os Kirchneristas\u201d. Desde el a\u00f1o 2017 hace columnas sobre<br>historia y otras yerbas en Futurock, primero en Total interferencia con Pepe<br>Rosemblat y luego en Un mundo de sensaciones, el programa de pol\u00edtica<br>internacional que se transmite los Domingos al mediod\u00eda por Futurock radio.<\/p>\n","protected":false},"excerpt":{"rendered":"<p>Domingo 17 de octubre a las 19hs &#8211; Auditorio Sala Chapitel Organiza BP Ruca Trab\u00fan G\u00e9nero: Ensayo Hist\u00f3ricoPublico: General Resulta sorprendente que las obras y lecturas sobre Eva hayan solapado lar\u00e1pida y masiva politizaci\u00f3n de miles y miles de mujeres a mediados del sigloXX. Eva Per\u00f3n fund\u00f3 y dirigi\u00f3 un partido pol\u00edtico, fue clave en la sanci\u00f3n de laley de derechos pol\u00edticos y hasta se &hellip; <a href=\"https:\/\/cultura.sma.gob.ar\/?p=2259\" class=\"more-link\">Continue reading <span class=\"screen-reader-text\">Julia Rozemberg &#8211; &#8220;Eva y las mujeres: Histora de una irreverencia&#8221;<\/span><\/a><\/p>\n","protected":false},"author":1,"featured_media":296,"comment_status":"closed","ping_status":"","sticky":false,"template":"","format":"image","meta":{"footnotes":""},"categories":[3,9],"tags":[67],"class_list":["post-2259","post","type-post","status-publish","format-image","has-post-thumbnail","hentry","category-eventos-cultura","category-ultimas-noticias","tag-feria-del-libro","post_format-post-format-image"],"_links":{"self":[{"href":"https:\/\/cultura.sma.gob.ar\/index.php?rest_route=\/wp\/v2\/posts\/2259","targetHints":{"allow":["GET"]}}],"collection":[{"href":"https:\/\/cultura.sma.gob.ar\/index.php?rest_route=\/wp\/v2\/posts"}],"about":[{"href":"https:\/\/cultura.sma.gob.ar\/index.php?rest_route=\/wp\/v2\/types\/post"}],"author":[{"embeddable":true,"href":"https:\/\/cultura.sma.gob.ar\/index.php?rest_route=\/wp\/v2\/users\/1"}],"replies":[{"embeddable":true,"href":"https:\/\/cultura.sma.gob.ar\/index.php?rest_route=%2Fwp%2Fv2%2Fcomments&post=2259"}],"version-history":[{"count":2,"href":"https:\/\/cultura.sma.gob.ar\/index.php?rest_route=\/wp\/v2\/posts\/2259\/revisions"}],"predecessor-version":[{"id":2541,"href":"https:\/\/cultura.sma.gob.ar\/index.php?rest_route=\/wp\/v2\/posts\/2259\/revisions\/2541"}],"wp:featuredmedia":[{"embeddable":true,"href":"https:\/\/cultura.sma.gob.ar\/index.php?rest_route=\/wp\/v2\/media\/296"}],"wp:attachment":[{"href":"https:\/\/cultura.sma.gob.ar\/index.php?rest_route=%2Fwp%2Fv2%2Fmedia&parent=2259"}],"wp:term":[{"taxonomy":"category","embeddable":true,"href":"https:\/\/cultura.sma.gob.ar\/index.php?rest_route=%2Fwp%2Fv2%2Fcategories&post=2259"},{"taxonomy":"post_tag","embeddable":true,"href":"https:\/\/cultura.sma.gob.ar\/index.php?rest_route=%2Fwp%2Fv2%2Ftags&post=2259"}],"curies":[{"name":"wp","href":"https:\/\/api.w.org\/{rel}","templated":true}]}}