{"id":2257,"date":"2021-10-05T13:38:29","date_gmt":"2021-10-05T16:38:29","guid":{"rendered":"http:\/\/cultura.sma.gob.ar\/?p=2257"},"modified":"2021-10-05T13:38:29","modified_gmt":"2021-10-05T16:38:29","slug":"gabriela-borrelli-azara-lecturas-feministas-2","status":"publish","type":"post","link":"https:\/\/cultura.sma.gob.ar\/?p=2257","title":{"rendered":"Gabriela Borrelli Azara &#8211; &#8220;Lecturas feministas 2&#8221;"},"content":{"rendered":"\n<h4 class=\"wp-block-heading\">S\u00e1bado 16 de octubre a las 21hs &#8211; Auditorio Sala Chapitel<\/h4>\n\n\n\n<p>Organiza: BP Ruca Trab\u00fan<\/p>\n\n\n\n<p>G\u00e9nero: Cr\u00edtica Literaria<br>Publico: General<\/p>\n\n\n\n<p>En la primera parte de estas Lecturas feministas, Gabriela Borrelli Azara nos<br>propon\u00eda un recorrido cronol\u00f3gico por libros indispensables para la militancia<br>feminista. En este volumen, la apuesta es m\u00e1s ambiciosa: entender c\u00f3mo esos<br>textos nos unen en una continuidad lectora infinita que puede conectar a la<br>monja alf\u00e9rez del siglo XVII con Norah Lange y las fiestas del grupo de Florida;<br>o a la poeta sovi\u00e9tica Anna Ajm\u00e1tova con la mendocina Ang\u00e9lica Mendoza.<br>Lejos del rescate o el listado, estas constelaciones nos convocan a pensar que,<br>aun cuando leamos o escribamos sin compa\u00f1\u00eda, lo hacemos siempre en<br>comunidad porque, como dice la autora: \u201cSi lee una, leemos todas\u201d.<br><br><strong>Gabriela Borrelli Azara<\/strong> es escritora y conductora de radio. Se form\u00f3 en letras y<br>se especializ\u00f3 en cr\u00edtica literaria. Hace m\u00e1s de dos d\u00e9cadas que trabaja en<br>medios gr\u00e1ficos y radiales y dicta talleres de lectura y escritura de poes\u00eda.<br>Es autora de los libros de relatos po\u00e9ticos Oc\u00e9ano (Lam\u00e1s M\u00e9dula) y Hamaca<br>paraguaya (Patronus) y de la novela Vidrio (Club Hem).<br>En 2018 public\u00f3 con Ediciones Futurock la primera parte de Lecturas<br>feministas, un libro que la llev\u00f3 de gira por toda Argentina y hoy se encuentra<br>en la biblioteca de m\u00e1s de 4000 lectoras<\/p>\n","protected":false},"excerpt":{"rendered":"<p>S\u00e1bado 16 de octubre a las 21hs &#8211; Auditorio Sala Chapitel Organiza: BP Ruca Trab\u00fan G\u00e9nero: Cr\u00edtica LiterariaPublico: General En la primera parte de estas Lecturas feministas, Gabriela Borrelli Azara nospropon\u00eda un recorrido cronol\u00f3gico por libros indispensables para la militanciafeminista. En este volumen, la apuesta es m\u00e1s ambiciosa: entender c\u00f3mo esostextos nos unen en una continuidad lectora infinita que puede conectar a lamonja alf\u00e9rez del &hellip; <a href=\"https:\/\/cultura.sma.gob.ar\/?p=2257\" class=\"more-link\">Continue reading <span class=\"screen-reader-text\">Gabriela Borrelli Azara &#8211; &#8220;Lecturas feministas 2&#8221;<\/span><\/a><\/p>\n","protected":false},"author":1,"featured_media":296,"comment_status":"closed","ping_status":"","sticky":false,"template":"","format":"image","meta":{"footnotes":""},"categories":[3,9],"tags":[67],"class_list":["post-2257","post","type-post","status-publish","format-image","has-post-thumbnail","hentry","category-eventos-cultura","category-ultimas-noticias","tag-feria-del-libro","post_format-post-format-image"],"_links":{"self":[{"href":"https:\/\/cultura.sma.gob.ar\/index.php?rest_route=\/wp\/v2\/posts\/2257","targetHints":{"allow":["GET"]}}],"collection":[{"href":"https:\/\/cultura.sma.gob.ar\/index.php?rest_route=\/wp\/v2\/posts"}],"about":[{"href":"https:\/\/cultura.sma.gob.ar\/index.php?rest_route=\/wp\/v2\/types\/post"}],"author":[{"embeddable":true,"href":"https:\/\/cultura.sma.gob.ar\/index.php?rest_route=\/wp\/v2\/users\/1"}],"replies":[{"embeddable":true,"href":"https:\/\/cultura.sma.gob.ar\/index.php?rest_route=%2Fwp%2Fv2%2Fcomments&post=2257"}],"version-history":[{"count":2,"href":"https:\/\/cultura.sma.gob.ar\/index.php?rest_route=\/wp\/v2\/posts\/2257\/revisions"}],"predecessor-version":[{"id":2533,"href":"https:\/\/cultura.sma.gob.ar\/index.php?rest_route=\/wp\/v2\/posts\/2257\/revisions\/2533"}],"wp:featuredmedia":[{"embeddable":true,"href":"https:\/\/cultura.sma.gob.ar\/index.php?rest_route=\/wp\/v2\/media\/296"}],"wp:attachment":[{"href":"https:\/\/cultura.sma.gob.ar\/index.php?rest_route=%2Fwp%2Fv2%2Fmedia&parent=2257"}],"wp:term":[{"taxonomy":"category","embeddable":true,"href":"https:\/\/cultura.sma.gob.ar\/index.php?rest_route=%2Fwp%2Fv2%2Fcategories&post=2257"},{"taxonomy":"post_tag","embeddable":true,"href":"https:\/\/cultura.sma.gob.ar\/index.php?rest_route=%2Fwp%2Fv2%2Ftags&post=2257"}],"curies":[{"name":"wp","href":"https:\/\/api.w.org\/{rel}","templated":true}]}}