{"id":2254,"date":"2021-10-05T13:36:27","date_gmt":"2021-10-05T16:36:27","guid":{"rendered":"http:\/\/cultura.sma.gob.ar\/?p=2254"},"modified":"2021-10-05T13:36:27","modified_gmt":"2021-10-05T16:36:27","slug":"marime-arancet-ruda-vivero","status":"publish","type":"post","link":"https:\/\/cultura.sma.gob.ar\/?p=2254","title":{"rendered":"Marim\u00e9 Arancet Ruda &#8211; &#8220;Vivero&#8221;"},"content":{"rendered":"\n<h4 class=\"wp-block-heading\">S\u00e1bado 16 de octubre a las 18:30hs &#8211; Auditorio Sala Chapitel<\/h4>\n\n\n\n<p>Organiza: La Palestra Ediciones.<\/p>\n\n\n\n<p>G\u00e9nero: Poes\u00eda<br>Publico: General<br><br>El capullo o la semilla son la cosecha de un ritmo que, en su aflorar expandido,<br>c\u00e9lere y puntiagudo, imbuido de blanco silencio, acomete y pregunta; se<br>adentra en la exploraci\u00f3n de una intimidad desasida pero honda, fantaseando<br>con la apariencia; dice una verdad pero la trastoca en \u201ccuento\u201d; es naturaleza<br>flagrante pero tambi\u00e9n \u201cestampa del colch\u00f3n\u201d.<\/p>\n\n\n\n<p>Vivero es, en dichos sentidos, un libro peculiar e inconfundible; porque: \u00bfqui\u00e9n<br>se le anima hoy as\u00ed a un poema? \u00bfQui\u00e9n se arrima a ese lugar del gozo en que<br>somos impulso viviente, empe\u00f1ado en vibrar o en hacer de la frase un puro<br>germinar de la palabra?<br>(Fragmento de Palabras de Valeria Melchiorre)<br><br><strong>Marim\u00e9 Arancet Ruda<\/strong>. Vive en Buenos Aires. Es poeta, investigadora y<br>profesora universitaria. Investigadora del CONICET y titular de \u201cLiteratura<br>Argentina II\u201d y del \u201cSeminario Permanente de Literatura Argentina\u201d en la UCA.<br>Public\u00f3 las plaquette\/libro-objeto de poes\u00eda De c\u00f3mo el mar entre orillas trae<br>hojas del epistolario nunca escrito entre Iseo y Trist\u00e1n (2008) y detr\u00e1s de los<br>vidrios negros (2010); los poemarios Cantos de Clytemnestra (2012); Elegia<br>Filiae (2013), que contiene la plaquette ampliada detr\u00e1s de los vidrios negros;<br>Elaboratorio (2014) e Y fue Troya (2015). Su poes\u00eda fue traducida al italiano y<br>est\u00e1 incluida en distintas antolog\u00edas de su pa\u00eds y del extranjero. Es integrante<br>de la Red Interuniversitaria de Estudios de Literaturas de la Argentina.<\/p>\n","protected":false},"excerpt":{"rendered":"<p>S\u00e1bado 16 de octubre a las 18:30hs &#8211; Auditorio Sala Chapitel Organiza: La Palestra Ediciones. G\u00e9nero: Poes\u00edaPublico: General El capullo o la semilla son la cosecha de un ritmo que, en su aflorar expandido,c\u00e9lere y puntiagudo, imbuido de blanco silencio, acomete y pregunta; seadentra en la exploraci\u00f3n de una intimidad desasida pero honda, fantaseandocon la apariencia; dice una verdad pero la trastoca en \u201ccuento\u201d; es &hellip; <a href=\"https:\/\/cultura.sma.gob.ar\/?p=2254\" class=\"more-link\">Continue reading <span class=\"screen-reader-text\">Marim\u00e9 Arancet Ruda &#8211; &#8220;Vivero&#8221;<\/span><\/a><\/p>\n","protected":false},"author":1,"featured_media":296,"comment_status":"closed","ping_status":"","sticky":false,"template":"","format":"image","meta":{"footnotes":""},"categories":[3,9],"tags":[67],"class_list":["post-2254","post","type-post","status-publish","format-image","has-post-thumbnail","hentry","category-eventos-cultura","category-ultimas-noticias","tag-feria-del-libro","post_format-post-format-image"],"_links":{"self":[{"href":"https:\/\/cultura.sma.gob.ar\/index.php?rest_route=\/wp\/v2\/posts\/2254","targetHints":{"allow":["GET"]}}],"collection":[{"href":"https:\/\/cultura.sma.gob.ar\/index.php?rest_route=\/wp\/v2\/posts"}],"about":[{"href":"https:\/\/cultura.sma.gob.ar\/index.php?rest_route=\/wp\/v2\/types\/post"}],"author":[{"embeddable":true,"href":"https:\/\/cultura.sma.gob.ar\/index.php?rest_route=\/wp\/v2\/users\/1"}],"replies":[{"embeddable":true,"href":"https:\/\/cultura.sma.gob.ar\/index.php?rest_route=%2Fwp%2Fv2%2Fcomments&post=2254"}],"version-history":[{"count":3,"href":"https:\/\/cultura.sma.gob.ar\/index.php?rest_route=\/wp\/v2\/posts\/2254\/revisions"}],"predecessor-version":[{"id":2531,"href":"https:\/\/cultura.sma.gob.ar\/index.php?rest_route=\/wp\/v2\/posts\/2254\/revisions\/2531"}],"wp:featuredmedia":[{"embeddable":true,"href":"https:\/\/cultura.sma.gob.ar\/index.php?rest_route=\/wp\/v2\/media\/296"}],"wp:attachment":[{"href":"https:\/\/cultura.sma.gob.ar\/index.php?rest_route=%2Fwp%2Fv2%2Fmedia&parent=2254"}],"wp:term":[{"taxonomy":"category","embeddable":true,"href":"https:\/\/cultura.sma.gob.ar\/index.php?rest_route=%2Fwp%2Fv2%2Fcategories&post=2254"},{"taxonomy":"post_tag","embeddable":true,"href":"https:\/\/cultura.sma.gob.ar\/index.php?rest_route=%2Fwp%2Fv2%2Ftags&post=2254"}],"curies":[{"name":"wp","href":"https:\/\/api.w.org\/{rel}","templated":true}]}}