{"id":2252,"date":"2021-10-05T12:55:24","date_gmt":"2021-10-05T15:55:24","guid":{"rendered":"http:\/\/cultura.sma.gob.ar\/?p=2252"},"modified":"2021-10-05T12:55:24","modified_gmt":"2021-10-05T15:55:24","slug":"luciana-mellado-el-coloquio-de-las-plantas","status":"publish","type":"post","link":"https:\/\/cultura.sma.gob.ar\/?p=2252","title":{"rendered":"Luciana Mellado &#8211; &#8220;El coloquio de las plantas&#8221;"},"content":{"rendered":"\n<h4 class=\"wp-block-heading\">Viernes 15 a las 18:30hs &#8211; Auditorio Sala Chapitel<\/h4>\n\n\n\n<p>Organiza: La Palestra Ediciones.<\/p>\n\n\n\n<p>G\u00e9nero: Poes\u00eda<br>Publico: General<br><br>El coloquio de las plantas es \u201cel registro de una conversaci\u00f3n, a veces<br>insomne, con el pasado y los antepasados, con la naturaleza y con una misma<br>como otra. Las quince plantas invitadas al coloquio tienen su voz e<br>idiosincrasia, un \u201cmodo de existencia\u201d al que le falta un lenguaje y al que, sin<br>embargo, el lenguaje po\u00e9tico se presta. Lavandas, ortigas, jazmines y<br>abutilones aparecen como personajes, actrices que interpretan un drama en el<br>territorio patag\u00f3nico. Luego de observar y estudiar las plantas, la autora hall\u00f3<br>informaci\u00f3n para cuatro cauces de la escritura: el tem\u00e1tico, el aleg\u00f3rico, el<br>hist\u00f3rico y el r\u00edtmico\u201d<br><br><strong>Luciana A. Mellado<\/strong> vive en Comodoro Rivadavia es poeta, docente e<br>investigadora universitaria. Dict\u00f3 conferencias y lecturas de poes\u00eda en distintas<br>ciudades de Argentina, Chile, Espa\u00f1a y Alemania. En poes\u00eda, public\u00f3: El<br>coloquio de las plantas (2021), Animales peque\u00f1os (2014), El agua que tiembla<br>(2012); Aqu\u00ed no vive nadie (2010); Crujir el habla (2008); y Las ni\u00f1as del espejo<br>(2006). Como compiladora, edit\u00f3 Patagonia literaria. Antolog\u00eda de poes\u00eda del<br>sur argentino (2019) y La Patagonia habitada (2019), entre otros libros.<\/p>\n","protected":false},"excerpt":{"rendered":"<p>Viernes 15 a las 18:30hs &#8211; Auditorio Sala Chapitel Organiza: La Palestra Ediciones. G\u00e9nero: Poes\u00edaPublico: General El coloquio de las plantas es \u201cel registro de una conversaci\u00f3n, a vecesinsomne, con el pasado y los antepasados, con la naturaleza y con una mismacomo otra. Las quince plantas invitadas al coloquio tienen su voz eidiosincrasia, un \u201cmodo de existencia\u201d al que le falta un lenguaje y al &hellip; <a href=\"https:\/\/cultura.sma.gob.ar\/?p=2252\" class=\"more-link\">Continue reading <span class=\"screen-reader-text\">Luciana Mellado &#8211; &#8220;El coloquio de las plantas&#8221;<\/span><\/a><\/p>\n","protected":false},"author":1,"featured_media":296,"comment_status":"closed","ping_status":"","sticky":false,"template":"","format":"image","meta":{"footnotes":""},"categories":[3,9],"tags":[67],"class_list":["post-2252","post","type-post","status-publish","format-image","has-post-thumbnail","hentry","category-eventos-cultura","category-ultimas-noticias","tag-feria-del-libro","post_format-post-format-image"],"_links":{"self":[{"href":"https:\/\/cultura.sma.gob.ar\/index.php?rest_route=\/wp\/v2\/posts\/2252","targetHints":{"allow":["GET"]}}],"collection":[{"href":"https:\/\/cultura.sma.gob.ar\/index.php?rest_route=\/wp\/v2\/posts"}],"about":[{"href":"https:\/\/cultura.sma.gob.ar\/index.php?rest_route=\/wp\/v2\/types\/post"}],"author":[{"embeddable":true,"href":"https:\/\/cultura.sma.gob.ar\/index.php?rest_route=\/wp\/v2\/users\/1"}],"replies":[{"embeddable":true,"href":"https:\/\/cultura.sma.gob.ar\/index.php?rest_route=%2Fwp%2Fv2%2Fcomments&post=2252"}],"version-history":[{"count":2,"href":"https:\/\/cultura.sma.gob.ar\/index.php?rest_route=\/wp\/v2\/posts\/2252\/revisions"}],"predecessor-version":[{"id":2520,"href":"https:\/\/cultura.sma.gob.ar\/index.php?rest_route=\/wp\/v2\/posts\/2252\/revisions\/2520"}],"wp:featuredmedia":[{"embeddable":true,"href":"https:\/\/cultura.sma.gob.ar\/index.php?rest_route=\/wp\/v2\/media\/296"}],"wp:attachment":[{"href":"https:\/\/cultura.sma.gob.ar\/index.php?rest_route=%2Fwp%2Fv2%2Fmedia&parent=2252"}],"wp:term":[{"taxonomy":"category","embeddable":true,"href":"https:\/\/cultura.sma.gob.ar\/index.php?rest_route=%2Fwp%2Fv2%2Fcategories&post=2252"},{"taxonomy":"post_tag","embeddable":true,"href":"https:\/\/cultura.sma.gob.ar\/index.php?rest_route=%2Fwp%2Fv2%2Ftags&post=2252"}],"curies":[{"name":"wp","href":"https:\/\/api.w.org\/{rel}","templated":true}]}}