{"id":2250,"date":"2021-10-05T14:51:23","date_gmt":"2021-10-05T17:51:23","guid":{"rendered":"http:\/\/cultura.sma.gob.ar\/?p=2250"},"modified":"2021-10-05T14:51:23","modified_gmt":"2021-10-05T17:51:23","slug":"gral-jorge-leal-memorias-de-un-antartico","status":"publish","type":"post","link":"https:\/\/cultura.sma.gob.ar\/?p=2250","title":{"rendered":"Gral. Jorge Leal &#8211; &#8220;Memorias de un Ant\u00e1rtico&#8221;"},"content":{"rendered":"\n<h4 class=\"wp-block-heading\">Jueves 14 de octubre a las 19hs &#8211; Presentaci\u00f3n Online<\/h4>\n\n\n\n<p>G\u00e9nero: Historico testimonial<br>Presenta: Carlos Pedro Vairo ( Editor)<br>Publico: General<br><br>&#8220;Memorias de un Ant\u00e1rtico&#8221; del autor Gral. Jorge E. Leal y editado por el museo<br>maritimo de Ushuaia no es un libro de historia sino que el que lo escribi\u00f3 hizo<br>historia. Son los diarios personales de este Expedicionario al Desierto Blanco<br>escritos a medida que realizaba las diferentes campa\u00f1as. As\u00ed escribi\u00f3 sobre su<br>primera estad\u00eda como jefe de la Base Esperanza en 1953. Es un diario con<br>fotos y anotaciones, sus experiencias con el medio, el grupo humano con el<br>que conviv\u00eda y sus vecinos chilenos e ingleses. De esta forma, nos llega de<br>primera mano la vida que llev\u00f3 junto a sus camaradas sea en las invernadas,<br>patrullas con trineos, o navegaciones.<br><br><strong>Jorge E. Leal<\/strong> nacido en 1921 en la localidad salte\u00f1a Rosario de la Frontera.<br>Padre pol\u00edtico (don Servando Leal), concejal e intendente, y madre (do\u00f1a<br>Eduviges Romano) maestra de una escuela fundada en 1910, centenario del<br>Mayo de la revoluci\u00f3n, semilla de la independencia. En el 1939 visti\u00f3 su primer<br>uniforme en el Colegio Militar, y egres\u00f3 en el 43, a\u00f1o convulso que<br>desembocar\u00eda en el 17 de octubre del &#8217;45 como subteniente de Caballer\u00eda.<br>Comand\u00f3 en 1965 la primera expedici\u00f3n argentina al Polo Sur, fund\u00f3 la base<br>Esperanza en la Ant\u00e1rtida y dedic\u00f3 casi la totalidad de su carrera militar a la<br>afirmaci\u00f3n de los derechos argentinos sobre el continente ant\u00e1rtico. Falleci\u00f3 a<br>sus 96 a\u00f1os en la localidad de Vicente L\u00f3pez, donde vivi\u00f3 sus \u00faltimas cuatro<br>d\u00e9cadas en un austero chalet cercano a la Residencia Presidencial de Olivos.<br><br><strong>Carlos Pedro Vairo<\/strong> es Director del Museo Mar\u00edtimo y del Presidio de Ushuaia;<br>Director del Museo Ant\u00e1rtico de Ushuaia Jos\u00e9 Mar\u00eda Sobral desde 1994.<br>Miembro del lnternational Congress of Maritime Museums (desde 2000);<br>Miembro del Polar Museums Network; SCAR. Miembro de Encuentros de<br>Historiadores Ant\u00e1rticos Latino Americanos. Autor y co autor de 25 libros<br>publicados, de tem\u00e1tica regional de Tierra del Fuego, Cabo de Hornos, Isla de<br>los estados y Ant\u00e1rtida. Donde realiz\u00f3 desde 1994 al 201 O investigaciones<br>sobre Asentamientos Balleneros Hist\u00f3ricos en la Pen\u00ednsula. Buceando el<br>Governoren, y recorriendo en Zodiac toda la Pen\u00ednsula desde Peterman lsland<br>hasta el norte.<\/p>\n","protected":false},"excerpt":{"rendered":"<p>Jueves 14 de octubre a las 19hs &#8211; Presentaci\u00f3n Online G\u00e9nero: Historico testimonialPresenta: Carlos Pedro Vairo ( Editor)Publico: General &#8220;Memorias de un Ant\u00e1rtico&#8221; del autor Gral. Jorge E. Leal y editado por el museomaritimo de Ushuaia no es un libro de historia sino que el que lo escribi\u00f3 hizohistoria. Son los diarios personales de este Expedicionario al Desierto Blancoescritos a medida que realizaba las diferentes &hellip; <a href=\"https:\/\/cultura.sma.gob.ar\/?p=2250\" class=\"more-link\">Continue reading <span class=\"screen-reader-text\">Gral. Jorge Leal &#8211; &#8220;Memorias de un Ant\u00e1rtico&#8221;<\/span><\/a><\/p>\n","protected":false},"author":1,"featured_media":296,"comment_status":"closed","ping_status":"","sticky":false,"template":"","format":"image","meta":{"footnotes":""},"categories":[3,9],"tags":[67],"class_list":["post-2250","post","type-post","status-publish","format-image","has-post-thumbnail","hentry","category-eventos-cultura","category-ultimas-noticias","tag-feria-del-libro","post_format-post-format-image"],"_links":{"self":[{"href":"https:\/\/cultura.sma.gob.ar\/index.php?rest_route=\/wp\/v2\/posts\/2250","targetHints":{"allow":["GET"]}}],"collection":[{"href":"https:\/\/cultura.sma.gob.ar\/index.php?rest_route=\/wp\/v2\/posts"}],"about":[{"href":"https:\/\/cultura.sma.gob.ar\/index.php?rest_route=\/wp\/v2\/types\/post"}],"author":[{"embeddable":true,"href":"https:\/\/cultura.sma.gob.ar\/index.php?rest_route=\/wp\/v2\/users\/1"}],"replies":[{"embeddable":true,"href":"https:\/\/cultura.sma.gob.ar\/index.php?rest_route=%2Fwp%2Fv2%2Fcomments&post=2250"}],"version-history":[{"count":2,"href":"https:\/\/cultura.sma.gob.ar\/index.php?rest_route=\/wp\/v2\/posts\/2250\/revisions"}],"predecessor-version":[{"id":2567,"href":"https:\/\/cultura.sma.gob.ar\/index.php?rest_route=\/wp\/v2\/posts\/2250\/revisions\/2567"}],"wp:featuredmedia":[{"embeddable":true,"href":"https:\/\/cultura.sma.gob.ar\/index.php?rest_route=\/wp\/v2\/media\/296"}],"wp:attachment":[{"href":"https:\/\/cultura.sma.gob.ar\/index.php?rest_route=%2Fwp%2Fv2%2Fmedia&parent=2250"}],"wp:term":[{"taxonomy":"category","embeddable":true,"href":"https:\/\/cultura.sma.gob.ar\/index.php?rest_route=%2Fwp%2Fv2%2Fcategories&post=2250"},{"taxonomy":"post_tag","embeddable":true,"href":"https:\/\/cultura.sma.gob.ar\/index.php?rest_route=%2Fwp%2Fv2%2Ftags&post=2250"}],"curies":[{"name":"wp","href":"https:\/\/api.w.org\/{rel}","templated":true}]}}