{"id":2242,"date":"2021-10-05T12:36:07","date_gmt":"2021-10-05T15:36:07","guid":{"rendered":"http:\/\/cultura.sma.gob.ar\/?p=2242"},"modified":"2021-10-05T12:36:07","modified_gmt":"2021-10-05T15:36:07","slug":"clara-lucia-blanco-solo-con-pensarte","status":"publish","type":"post","link":"https:\/\/cultura.sma.gob.ar\/?p=2242","title":{"rendered":"Clara Luc\u00eda Blanco &#8211; &#8220;Solo con Pensarte&#8221;"},"content":{"rendered":"\n<h4 class=\"wp-block-heading\">Jueves 14 de octubre a las 17:30hs &#8211; Auditorio Sala Chapitel<\/h4>\n\n\n\n<p>G\u00e9nero: Novela<br>Publico: General<\/p>\n\n\n\n<p>Clara Lucia Blanco nos trae su Novela Solo con Pensarte donde nos cuenta la<br>historia de Francesca y P\u00eda, dos hermanas con personalidades en extremo<br>distintas son las depositarias de toda una vida de esfuerzos, logros y<br>tradiciones de una familia de inmigrantes italianos que alcanzaron una alta<br>posici\u00f3n social y econ\u00f3mica.<br>Una realidad que se impone con sus razones sobre los m\u00e1s \u00edntimos y<br>profundos sue\u00f1os de estas muchachas, sacudidas por un pasado que emerge<br>desde el silencio con su carga de secretos, mandatos y culpa.<br><br><strong>Clara Lucia Blanco<\/strong> naci\u00f3 en la d\u00e9cada del 50, creci\u00f3 y se educ\u00f3 en Mar del<br>Plata. De familia italiana, la impronta de esa sangre se percibe en todos sus<br>relatos como un maravilloso viaje que entrelaza sabores, costumbres, paisajes<br>y sentimientos. Ligada desde temprana edad a las artes, m\u00fasica, canto,<br>pintura, su gusto por la poes\u00eda y literatura, la llev\u00f3 a publicar su primera novela.<\/p>\n","protected":false},"excerpt":{"rendered":"<p>Jueves 14 de octubre a las 17:30hs &#8211; Auditorio Sala Chapitel G\u00e9nero: NovelaPublico: General Clara Lucia Blanco nos trae su Novela Solo con Pensarte donde nos cuenta lahistoria de Francesca y P\u00eda, dos hermanas con personalidades en extremodistintas son las depositarias de toda una vida de esfuerzos, logros ytradiciones de una familia de inmigrantes italianos que alcanzaron una altaposici\u00f3n social y econ\u00f3mica.Una realidad que se &hellip; <a href=\"https:\/\/cultura.sma.gob.ar\/?p=2242\" class=\"more-link\">Continue reading <span class=\"screen-reader-text\">Clara Luc\u00eda Blanco &#8211; &#8220;Solo con Pensarte&#8221;<\/span><\/a><\/p>\n","protected":false},"author":1,"featured_media":296,"comment_status":"closed","ping_status":"","sticky":false,"template":"","format":"image","meta":{"footnotes":""},"categories":[3,9],"tags":[67],"class_list":["post-2242","post","type-post","status-publish","format-image","has-post-thumbnail","hentry","category-eventos-cultura","category-ultimas-noticias","tag-feria-del-libro","post_format-post-format-image"],"_links":{"self":[{"href":"https:\/\/cultura.sma.gob.ar\/index.php?rest_route=\/wp\/v2\/posts\/2242","targetHints":{"allow":["GET"]}}],"collection":[{"href":"https:\/\/cultura.sma.gob.ar\/index.php?rest_route=\/wp\/v2\/posts"}],"about":[{"href":"https:\/\/cultura.sma.gob.ar\/index.php?rest_route=\/wp\/v2\/types\/post"}],"author":[{"embeddable":true,"href":"https:\/\/cultura.sma.gob.ar\/index.php?rest_route=\/wp\/v2\/users\/1"}],"replies":[{"embeddable":true,"href":"https:\/\/cultura.sma.gob.ar\/index.php?rest_route=%2Fwp%2Fv2%2Fcomments&post=2242"}],"version-history":[{"count":2,"href":"https:\/\/cultura.sma.gob.ar\/index.php?rest_route=\/wp\/v2\/posts\/2242\/revisions"}],"predecessor-version":[{"id":2511,"href":"https:\/\/cultura.sma.gob.ar\/index.php?rest_route=\/wp\/v2\/posts\/2242\/revisions\/2511"}],"wp:featuredmedia":[{"embeddable":true,"href":"https:\/\/cultura.sma.gob.ar\/index.php?rest_route=\/wp\/v2\/media\/296"}],"wp:attachment":[{"href":"https:\/\/cultura.sma.gob.ar\/index.php?rest_route=%2Fwp%2Fv2%2Fmedia&parent=2242"}],"wp:term":[{"taxonomy":"category","embeddable":true,"href":"https:\/\/cultura.sma.gob.ar\/index.php?rest_route=%2Fwp%2Fv2%2Fcategories&post=2242"},{"taxonomy":"post_tag","embeddable":true,"href":"https:\/\/cultura.sma.gob.ar\/index.php?rest_route=%2Fwp%2Fv2%2Ftags&post=2242"}],"curies":[{"name":"wp","href":"https:\/\/api.w.org\/{rel}","templated":true}]}}