{"id":2238,"date":"2021-10-05T11:44:26","date_gmt":"2021-10-05T14:44:26","guid":{"rendered":"http:\/\/cultura.sma.gob.ar\/?p=2238"},"modified":"2021-10-05T11:44:26","modified_gmt":"2021-10-05T14:44:26","slug":"dr-eduardo-nicora-la-salud-no-viene-en-una-pastilla","status":"publish","type":"post","link":"https:\/\/cultura.sma.gob.ar\/?p=2238","title":{"rendered":"Dr. Eduardo Nicora &#8211; &#8220;La salud no viene en una pastilla&#8221;"},"content":{"rendered":"\n<h4 class=\"wp-block-heading\">Lunes 11 de octubre, a las 20:30hs. Auditorio Sala Chapitel<\/h4>\n\n\n\n<p>Organiza: Graciela V\u00e1zquez Moure &#8211; Comisi\u00f3n FRL<\/p>\n\n\n\n<p>G\u00e9nero: salud y autobiogr\u00e1fico<br>P\u00fablico: General\/ Adultos<br><br>Graciela V\u00e1squez Moure periodista y escritora que reside en San Martin de los<br>Andes nos presenta el libro La salud no viene en una pastilla escrito por el Dr.<br>Eduardo Nicora. Es el libro de una historia de vida y un importante aporte para<br>la salud. Analiza la farmacolog\u00eda, los distintos caminos de sanaci\u00f3n, un<br>profundo an\u00e1lisis de la medicina y los tratamientos de las enfermedades<br>cr\u00f3nicas y como el mismo autor refiere: \u201cMi historia personal marc\u00f3 mi vida<br>profesional, porque soy y fui paciente, y eso tiene mucho que ver con la<br>b\u00fasqueda de un camino como m\u00e9dico.\u201d Las dietas, la alimentaci\u00f3n como<br>fundamento de una vida sana, un cambio de actitud frente a la enfermedad y<br>un camino de evoluci\u00f3n. Tres veces transplantado renal, el Dr. Nicora desde<br>los 23 a\u00f1os sigui\u00f3 un camino de cambio y evoluci\u00f3n personal. El autor busca<br>transmitir la propia consciencia sobre nuestro cuerpo y nuestra salud.<\/p>\n\n\n\n<p><strong>El Dr. Eduardo Nicora<\/strong> autor del libro tiene 56 a\u00f1os, reside y desarrolla su<br>actividad profesional en Buenos Aires, ofrece conferencias sobre distintas<br>tem\u00e1ticas, es Egresado de la Universidad del Salvador de Buenos Aires,<br>trabaja como m\u00e9dico funcional con m\u00e1s de 25 a\u00f1os de experiencia en<br>envejecimiento humano y enfermedades cr\u00f3nicas. Reconocido por su amplia<br>trayectoria en medicina regenerativa y medicina funcional.<br>A los 23 a\u00f1os tuvo su primer transplante de ri\u00f1\u00f3n, reci\u00e9n recibido de m\u00e9dico<br>viaj\u00f3 a Estados Unidos. Luego debi\u00f3 ser operado dos veces m\u00e1s. Su<br>experiencia de vida lo llev\u00f3 a explorar terapias complementarias y comenz\u00f3 un<br>camino de evoluci\u00f3n espiritual que relata en su libro. El mismo expresa : \u201cMi<br>objetivo es mejorar la calidad de vida de los pacientes a trav\u00e9s del reemplazo<br>hormonal y el uso de vitaminas, minerales y enzimas. Buscando tratar a<br>personas sanas, previniendo la enfermedad\u201d.<\/p>\n","protected":false},"excerpt":{"rendered":"<p>Lunes 11 de octubre, a las 20:30hs. Auditorio Sala Chapitel Organiza: Graciela V\u00e1zquez Moure &#8211; Comisi\u00f3n FRL G\u00e9nero: salud y autobiogr\u00e1ficoP\u00fablico: General\/ Adultos Graciela V\u00e1squez Moure periodista y escritora que reside en San Martin de losAndes nos presenta el libro La salud no viene en una pastilla escrito por el Dr.Eduardo Nicora. Es el libro de una historia de vida y un importante aporte parala &hellip; <a href=\"https:\/\/cultura.sma.gob.ar\/?p=2238\" class=\"more-link\">Continue reading <span class=\"screen-reader-text\">Dr. Eduardo Nicora &#8211; &#8220;La salud no viene en una pastilla&#8221;<\/span><\/a><\/p>\n","protected":false},"author":1,"featured_media":296,"comment_status":"closed","ping_status":"","sticky":false,"template":"","format":"image","meta":{"footnotes":""},"categories":[3,9],"tags":[67],"class_list":["post-2238","post","type-post","status-publish","format-image","has-post-thumbnail","hentry","category-eventos-cultura","category-ultimas-noticias","tag-feria-del-libro","post_format-post-format-image"],"_links":{"self":[{"href":"https:\/\/cultura.sma.gob.ar\/index.php?rest_route=\/wp\/v2\/posts\/2238","targetHints":{"allow":["GET"]}}],"collection":[{"href":"https:\/\/cultura.sma.gob.ar\/index.php?rest_route=\/wp\/v2\/posts"}],"about":[{"href":"https:\/\/cultura.sma.gob.ar\/index.php?rest_route=\/wp\/v2\/types\/post"}],"author":[{"embeddable":true,"href":"https:\/\/cultura.sma.gob.ar\/index.php?rest_route=\/wp\/v2\/users\/1"}],"replies":[{"embeddable":true,"href":"https:\/\/cultura.sma.gob.ar\/index.php?rest_route=%2Fwp%2Fv2%2Fcomments&post=2238"}],"version-history":[{"count":2,"href":"https:\/\/cultura.sma.gob.ar\/index.php?rest_route=\/wp\/v2\/posts\/2238\/revisions"}],"predecessor-version":[{"id":2479,"href":"https:\/\/cultura.sma.gob.ar\/index.php?rest_route=\/wp\/v2\/posts\/2238\/revisions\/2479"}],"wp:featuredmedia":[{"embeddable":true,"href":"https:\/\/cultura.sma.gob.ar\/index.php?rest_route=\/wp\/v2\/media\/296"}],"wp:attachment":[{"href":"https:\/\/cultura.sma.gob.ar\/index.php?rest_route=%2Fwp%2Fv2%2Fmedia&parent=2238"}],"wp:term":[{"taxonomy":"category","embeddable":true,"href":"https:\/\/cultura.sma.gob.ar\/index.php?rest_route=%2Fwp%2Fv2%2Fcategories&post=2238"},{"taxonomy":"post_tag","embeddable":true,"href":"https:\/\/cultura.sma.gob.ar\/index.php?rest_route=%2Fwp%2Fv2%2Ftags&post=2238"}],"curies":[{"name":"wp","href":"https:\/\/api.w.org\/{rel}","templated":true}]}}