{"id":2234,"date":"2021-10-05T13:19:14","date_gmt":"2021-10-05T16:19:14","guid":{"rendered":"http:\/\/cultura.sma.gob.ar\/?p=2234"},"modified":"2021-10-05T13:19:14","modified_gmt":"2021-10-05T16:19:14","slug":"maria-martha-paz-y-sabina-no-duermete-pichikeche","status":"publish","type":"post","link":"https:\/\/cultura.sma.gob.ar\/?p=2234","title":{"rendered":"Mar\u00eda Martha Paz y Sabina N\u00f3 &#8211; &#8220;Du\u00e9rmete, Pichikeche&#8221;"},"content":{"rendered":"\n<h4 class=\"wp-block-heading\">S\u00e1bado 16 de octubre a las 16:30hs &#8211; Auditorio Sala Chapitel<\/h4>\n\n\n\n<p>G\u00e9nero: Libro-\u00e1lbum infantil.<br>Publico: Infantil<br><br>Sabina N\u00f3 y Maria Martha Paz nos invitan a sumergirnos en su primer libro<br>\u00e1lbum de la Colecci\u00f3n Todas las abuelas cantan a sus nietos con ilustraciones<br>de la artista chilena Oriana P\u00e9rez Casanova y ni\u00f1os y ni\u00f1as de Payla Menuco,<br>que cuenta con un c\u00f3digo QR que permite escuchar una nana y canciones<br>tradicionales en las voces de abuelas con instrumentos aut\u00f3ctonos de la<br>comunidad mapuche.<\/p>\n\n\n\n<p><strong>Sabina N\u00f3<\/strong> es Maestra Nacional de Dibujo egresada de la Escuela de Bellas<br>Artes M. Belgrano y Dise\u00f1adora Gr\u00e1fica de la UBA. Naci\u00f3 en Bs. As. y vive en<br>San Mart\u00edn de los Andes. Particip\u00f3 de la Noche de los Museos y realiz\u00f3 talleres<br>de experimentaci\u00f3n pl\u00e1stica en el Museo Larreta donde adem\u00e1s fue dise\u00f1adora<br>gr\u00e1fica durante 14 a\u00f1os. Dise\u00f1\u00f3 tambi\u00e9n los libros &#8220;Sue\u00f1os enredados&#8221;,<br>seleccionado para el Plan Nacional de Lecturas e &#8220;Hilos&#8221; con ilustraciones de<br>Ana Paula Luberti, y los libros \u00e1lbum &#8220;Un camino y un secreto&#8221; ilustrado por<br>Carina Redi y &#8220;Du\u00e9rmete, Pichikeche&#8221; de la Colecci\u00f3n Todas las abuelas<br>cantan a sus nietos con ilustraciones de la comunidad mapuche de Payla<br>Menuco y un c\u00f3digo QR que reproduce nanas.<\/p>\n\n\n\n<p><br><strong>Mar\u00eda Martha Paz<\/strong> es docente biling\u00fce y escritora que estudi\u00f3 Letras en la UBA<br>y vive en la Patagonia hace 17 a\u00f1os. Algunos de sus cuentos recibieron premios<br>y fueron publicados en Argentina, Chile, M\u00e9xico y Per\u00fa. Public\u00f3 tres novelas con<br>Ediciones de La Grieta: \u201cC\u00edclopes del mar\u201d, \u201cElla sabe\u201d y \u201cSue\u00f1os enredados\u201d,<br>esta \u00faltima seleccionada para el Plan Nacional de Lecturas. Particip\u00f3 de<br>encuentros literarios en la Patagonia argentina y chilena. Public\u00f3 tres libros-<br>\u00e1lbum con dise\u00f1o de Sabina N\u00f3: \u201cUn camino y un secreto\u201d; \u201cHilos\u201d y \u201cDu\u00e9rmete,<br>pichikeche\u201d de la Colecci\u00f3n Todas las abuelas cantan a sus nietos, proyecto<br>ganador por Neuqu\u00e9n de la beca del Concejo Federal de Culturas 2021. Este<br>\u00faltimo libro est\u00e1 ilustrado por ni\u00f1os de Payla Menuco y la artista Oriana P\u00e9rez<br>Casanova y cuenta con un c\u00f3digo QR que permite escuchar canciones infantiles<br>en la voz de abuelas mapuche.<\/p>\n","protected":false},"excerpt":{"rendered":"<p>S\u00e1bado 16 de octubre a las 16:30hs &#8211; Auditorio Sala Chapitel G\u00e9nero: Libro-\u00e1lbum infantil.Publico: Infantil Sabina N\u00f3 y Maria Martha Paz nos invitan a sumergirnos en su primer libro\u00e1lbum de la Colecci\u00f3n Todas las abuelas cantan a sus nietos con ilustracionesde la artista chilena Oriana P\u00e9rez Casanova y ni\u00f1os y ni\u00f1as de Payla Menuco,que cuenta con un c\u00f3digo QR que permite escuchar una nana y &hellip; <a href=\"https:\/\/cultura.sma.gob.ar\/?p=2234\" class=\"more-link\">Continue reading <span class=\"screen-reader-text\">Mar\u00eda Martha Paz y Sabina N\u00f3 &#8211; &#8220;Du\u00e9rmete, Pichikeche&#8221;<\/span><\/a><\/p>\n","protected":false},"author":1,"featured_media":296,"comment_status":"closed","ping_status":"","sticky":false,"template":"","format":"image","meta":{"footnotes":""},"categories":[3,9],"tags":[67],"class_list":["post-2234","post","type-post","status-publish","format-image","has-post-thumbnail","hentry","category-eventos-cultura","category-ultimas-noticias","tag-feria-del-libro","post_format-post-format-image"],"_links":{"self":[{"href":"https:\/\/cultura.sma.gob.ar\/index.php?rest_route=\/wp\/v2\/posts\/2234","targetHints":{"allow":["GET"]}}],"collection":[{"href":"https:\/\/cultura.sma.gob.ar\/index.php?rest_route=\/wp\/v2\/posts"}],"about":[{"href":"https:\/\/cultura.sma.gob.ar\/index.php?rest_route=\/wp\/v2\/types\/post"}],"author":[{"embeddable":true,"href":"https:\/\/cultura.sma.gob.ar\/index.php?rest_route=\/wp\/v2\/users\/1"}],"replies":[{"embeddable":true,"href":"https:\/\/cultura.sma.gob.ar\/index.php?rest_route=%2Fwp%2Fv2%2Fcomments&post=2234"}],"version-history":[{"count":2,"href":"https:\/\/cultura.sma.gob.ar\/index.php?rest_route=\/wp\/v2\/posts\/2234\/revisions"}],"predecessor-version":[{"id":2527,"href":"https:\/\/cultura.sma.gob.ar\/index.php?rest_route=\/wp\/v2\/posts\/2234\/revisions\/2527"}],"wp:featuredmedia":[{"embeddable":true,"href":"https:\/\/cultura.sma.gob.ar\/index.php?rest_route=\/wp\/v2\/media\/296"}],"wp:attachment":[{"href":"https:\/\/cultura.sma.gob.ar\/index.php?rest_route=%2Fwp%2Fv2%2Fmedia&parent=2234"}],"wp:term":[{"taxonomy":"category","embeddable":true,"href":"https:\/\/cultura.sma.gob.ar\/index.php?rest_route=%2Fwp%2Fv2%2Fcategories&post=2234"},{"taxonomy":"post_tag","embeddable":true,"href":"https:\/\/cultura.sma.gob.ar\/index.php?rest_route=%2Fwp%2Fv2%2Ftags&post=2234"}],"curies":[{"name":"wp","href":"https:\/\/api.w.org\/{rel}","templated":true}]}}