{"id":2230,"date":"2021-10-05T13:18:10","date_gmt":"2021-10-05T16:18:10","guid":{"rendered":"http:\/\/cultura.sma.gob.ar\/?p=2230"},"modified":"2021-10-05T13:18:10","modified_gmt":"2021-10-05T16:18:10","slug":"suyai-anahi-avila-un-tesoro-de-arrecife","status":"publish","type":"post","link":"https:\/\/cultura.sma.gob.ar\/?p=2230","title":{"rendered":"Suyai Anahi Avila &#8211; &#8220;Un tesoro de arrecife&#8221;"},"content":{"rendered":"\n<h4 class=\"wp-block-heading\">S\u00e1bado 16 de octubre a las 15hs &#8211; Auditorio Sala Chapitel<\/h4>\n\n\n\n<p><br>G\u00e9nero: Cuento infantil<br>Publico: Infantil\/general<br><br>En esta ocasi\u00f3n Suyai Anah\u00ed Avila nos presenta Un teroso de arrecife<br>adaptacion infantil del documental sudafricano Mi maestro el pulpo (2020),<br>dirigido por Pippa Ehrlich y James Reed. En ella, nos cuenta sobre un ni\u00f1o llamado<br>Joao al que le gusta nadar en un maravilloso arrecife, y en el que descubrir\u00e1 un<br>tesoro que guardar\u00e1 en su coraz\u00f3n para toda la vida.<br><br><strong>Suyai Anah\u00ed<\/strong> presenta su primer libro de poes\u00eda en el 2017 de forma<br>independiente, en la sala Emilio Saraco de NQN. Luego en 2019 publica en<br>compa\u00f1\u00eda de la editorial La Grieta su primer libro de poes\u00eda infantil, al mismo<br>tiempo que publicaaba su segundo poemario de forma independiente. En 2020<br>form\u00f3 su propia Editorial independiente y autogestiva, @suyiro_libros, en la<br>que se dedica al formato de libro de artista o libro objeto.<\/p>\n","protected":false},"excerpt":{"rendered":"<p>S\u00e1bado 16 de octubre a las 15hs &#8211; Auditorio Sala Chapitel G\u00e9nero: Cuento infantilPublico: Infantil\/general En esta ocasi\u00f3n Suyai Anah\u00ed Avila nos presenta Un teroso de arrecifeadaptacion infantil del documental sudafricano Mi maestro el pulpo (2020),dirigido por Pippa Ehrlich y James Reed. En ella, nos cuenta sobre un ni\u00f1o llamadoJoao al que le gusta nadar en un maravilloso arrecife, y en el que descubrir\u00e1 untesoro &hellip; <a href=\"https:\/\/cultura.sma.gob.ar\/?p=2230\" class=\"more-link\">Continue reading <span class=\"screen-reader-text\">Suyai Anahi Avila &#8211; &#8220;Un tesoro de arrecife&#8221;<\/span><\/a><\/p>\n","protected":false},"author":1,"featured_media":296,"comment_status":"closed","ping_status":"","sticky":false,"template":"","format":"image","meta":{"footnotes":""},"categories":[1],"tags":[67],"class_list":["post-2230","post","type-post","status-publish","format-image","has-post-thumbnail","hentry","category-sin-categoria","tag-feria-del-libro","post_format-post-format-image"],"_links":{"self":[{"href":"https:\/\/cultura.sma.gob.ar\/index.php?rest_route=\/wp\/v2\/posts\/2230","targetHints":{"allow":["GET"]}}],"collection":[{"href":"https:\/\/cultura.sma.gob.ar\/index.php?rest_route=\/wp\/v2\/posts"}],"about":[{"href":"https:\/\/cultura.sma.gob.ar\/index.php?rest_route=\/wp\/v2\/types\/post"}],"author":[{"embeddable":true,"href":"https:\/\/cultura.sma.gob.ar\/index.php?rest_route=\/wp\/v2\/users\/1"}],"replies":[{"embeddable":true,"href":"https:\/\/cultura.sma.gob.ar\/index.php?rest_route=%2Fwp%2Fv2%2Fcomments&post=2230"}],"version-history":[{"count":2,"href":"https:\/\/cultura.sma.gob.ar\/index.php?rest_route=\/wp\/v2\/posts\/2230\/revisions"}],"predecessor-version":[{"id":2526,"href":"https:\/\/cultura.sma.gob.ar\/index.php?rest_route=\/wp\/v2\/posts\/2230\/revisions\/2526"}],"wp:featuredmedia":[{"embeddable":true,"href":"https:\/\/cultura.sma.gob.ar\/index.php?rest_route=\/wp\/v2\/media\/296"}],"wp:attachment":[{"href":"https:\/\/cultura.sma.gob.ar\/index.php?rest_route=%2Fwp%2Fv2%2Fmedia&parent=2230"}],"wp:term":[{"taxonomy":"category","embeddable":true,"href":"https:\/\/cultura.sma.gob.ar\/index.php?rest_route=%2Fwp%2Fv2%2Fcategories&post=2230"},{"taxonomy":"post_tag","embeddable":true,"href":"https:\/\/cultura.sma.gob.ar\/index.php?rest_route=%2Fwp%2Fv2%2Ftags&post=2230"}],"curies":[{"name":"wp","href":"https:\/\/api.w.org\/{rel}","templated":true}]}}